{"id":38481,"date":"2018-09-27T09:57:25","date_gmt":"2018-09-27T08:57:25","guid":{"rendered":"https:\/\/fg.ull.es\/noticias\/?p=38481"},"modified":"2018-09-27T09:59:14","modified_gmt":"2018-09-27T08:59:14","slug":"listado-definitivo-convocatoria-de-seleccion-de-personal-para-tecnicos-superiores-en-instalacion-mantenimiento-y-reparacion-de-equipos-informaticos-a2018bde023-sce-05-2018-007562","status":"publish","type":"post","link":"https:\/\/fg.ull.es\/noticias\/2018\/09\/27\/listado-definitivo-convocatoria-de-seleccion-de-personal-para-tecnicos-superiores-en-instalacion-mantenimiento-y-reparacion-de-equipos-informaticos-a2018bde023-sce-05-2018-007562\/","title":{"rendered":"Listado definitivo \u2013 Convocatoria de selecci\u00f3n de personal para t\u00e9cnicos superiores en instalaci\u00f3n, mantenimiento y reparaci\u00f3n de equipos inform\u00e1ticos A2018BDE023 \u2013 SCE 05-2018-007562"},"content":{"rendered":"<section class=\"wpb-content-wrapper\"><p>[vc_row][vc_column][vc_column_text]<\/p>\n<h4>Finalizado el periodo de alegaciones, se procede a publicar el listado definitivo de la convocatoria de selecci\u00f3n para una bolsa de \u201cSERVICIOS AUXILIARES T\u00c9CNICO SOPORE INFORM\u00c1TICO B\u00c1SICO<br \/>\nSELECCI\u00d3N DE PERSONAL PARA T\u00c9CNICOS SUPERIORES EN INSTALACI\u00d3N, MANTENIMIENTO Y REPARACI\u00d3N DE EQUIPOS INFORM\u00c1TICOS, T\u00c9CNICOS Y SIN CATEGOR\u00cdA LABORAL DETERMINADA \u201d 2018BDE023 \u2013 SCE 05-2018-007562.<\/h4>\n<p>El presente proceso selectivo, se ha gestionado a trav\u00e9s del Servicio Canario de Empleo, con n\u00famero de oferta de empleo 05-2018-007547.<\/p>\n<p>La excepcionalidad del procedimiento viene dada para dar cumplimiento a la obligaci\u00f3n de reserva del 2 % a favor de personas con discapacidad, recogidas en el art\u00edculo 42 del Real Decreto Legislativo 1\/2013 de 29 de noviembre.[\/vc_column_text][vc_empty_space][\/vc_column][\/vc_row][vc_row][vc_column][vc_separator][\/vc_column][\/vc_row][vc_row][vc_column width=&#8221;1\/2&#8243;][vc_column_text]Descargar listado:[\/vc_column_text][\/vc_column][vc_column width=&#8221;1\/2&#8243;][vc_btn title=&#8221;Descargar aqu\u00ed &#8221; style=&#8221;custom&#8221; custom_background=&#8221;#d800a2&#8243; custom_text=&#8221;#ffffff&#8221; shape=&#8221;square&#8221; size=&#8221;lg&#8221; align=&#8221;center&#8221; i_align=&#8221;right&#8221; i_icon_fontawesome=&#8221;fa fa-plus-circle&#8221; button_block=&#8221;true&#8221; add_icon=&#8221;true&#8221; link=&#8221;url:https%3A%2F%2Fdrive.google.com%2Ffile%2Fd%2F0B2jqJniZNa7HX0RsbkVLSUtCLVE%2Fview|||&#8221;][\/vc_column][\/vc_row]<\/p>\n<\/section>","protected":false},"excerpt":{"rendered":"<p>[vc_row][vc_column][vc_column_text] Finalizado el periodo de alegaciones, se procede a publicar el listado definitivo de la convocatoria de selecci\u00f3n para una bolsa de \u201cSERVICIOS AUXILIARES T\u00c9CNICO SOPORE INFORM\u00c1TICO B\u00c1SICO SELECCI\u00d3N DE PERSONAL PARA T\u00c9CNICOS SUPERIORES EN INSTALACI\u00d3N, MANTENIMIENTO Y REPARACI\u00d3N DE EQUIPOS INFORM\u00c1TICOS, T\u00c9CNICOS Y SIN CATEGOR\u00cdA LABORAL DETERMINADA \u201d 2018BDE023 \u2013 SCE 05-2018-007562. El presente&#8230;<\/p>\n","protected":false},"author":1,"featured_media":0,"comment_status":"closed","ping_status":"closed","sticky":false,"template":"","format":"standard","meta":{"footnotes":""},"categories":[52,232],"tags":[],"featured_image_thumbnail_url":null,"_links":{"self":[{"href":"https:\/\/fg.ull.es\/noticias\/wp-json\/wp\/v2\/posts\/38481"}],"collection":[{"href":"https:\/\/fg.ull.es\/noticias\/wp-json\/wp\/v2\/posts"}],"about":[{"href":"https:\/\/fg.ull.es\/noticias\/wp-json\/wp\/v2\/types\/post"}],"author":[{"embeddable":true,"href":"https:\/\/fg.ull.es\/noticias\/wp-json\/wp\/v2\/users\/1"}],"replies":[{"embeddable":true,"href":"https:\/\/fg.ull.es\/noticias\/wp-json\/wp\/v2\/comments?post=38481"}],"version-history":[{"count":3,"href":"https:\/\/fg.ull.es\/noticias\/wp-json\/wp\/v2\/posts\/38481\/revisions"}],"predecessor-version":[{"id":38484,"href":"https:\/\/fg.ull.es\/noticias\/wp-json\/wp\/v2\/posts\/38481\/revisions\/38484"}],"wp:attachment":[{"href":"https:\/\/fg.ull.es\/noticias\/wp-json\/wp\/v2\/media?parent=38481"}],"wp:term":[{"taxonomy":"category","embeddable":true,"href":"https:\/\/fg.ull.es\/noticias\/wp-json\/wp\/v2\/categories?post=38481"},{"taxonomy":"post_tag","embeddable":true,"href":"https:\/\/fg.ull.es\/noticias\/wp-json\/wp\/v2\/tags?post=38481"}],"curies":[{"name":"wp","href":"https:\/\/api.w.org\/{rel}","templated":true}]}}