{"id":38475,"date":"2018-09-26T15:31:04","date_gmt":"2018-09-26T14:31:04","guid":{"rendered":"https:\/\/fg.ull.es\/noticias\/?p=38475"},"modified":"2018-09-26T15:31:04","modified_gmt":"2018-09-26T14:31:04","slug":"segundo-listado-definitivo-de-la-seleccion-de-personal-tecnico-para-desarrollo-de-actividades-en-el-ambito-de-la-encomienda-de-gestion-de-apoyo-a-las-tareas-del-gabinete-de-comunicacion-2018","status":"publish","type":"post","link":"https:\/\/fg.ull.es\/noticias\/2018\/09\/26\/segundo-listado-definitivo-de-la-seleccion-de-personal-tecnico-para-desarrollo-de-actividades-en-el-ambito-de-la-encomienda-de-gestion-de-apoyo-a-las-tareas-del-gabinete-de-comunicacion-2018\/","title":{"rendered":"Segundo listado definitivo de la selecci\u00f3n de Personal t\u00e9cnico para desarrollo de actividades en el \u00e1mbito de la encomienda de gesti\u00f3n de apoyo a las tareas del gabinete de comunicaci\u00f3n \u2013 2018BDE017"},"content":{"rendered":"<h4>Transcurrido el periodo de alegaciones se procede a publicar el segundo listado definitivo de aceptados\/as en la convocatoria de selecci\u00f3n de personal t\u00e9cnico para el desarrollo de actividades en el \u00e1mbito de la en la encomienda de gesti\u00f3n de apoyo a las tareas del gabinete de comunicaci\u00f3n.<\/h4>\n<p>El proceso de selecci\u00f3n se ha hecho conforme a:<\/p>\n<h4><a href=\"https:\/\/drive.google.com\/file\/d\/0B1OuMDhtNMGOcVB5ZUQyQ2d5a0U\/view\">Bases generales<\/a><\/h4>\n<h4><a href=\"https:\/\/drive.google.com\/file\/d\/0B2jqJniZNa7HTjFvSTlGT3YtcWc\/view\">Perfil singular<\/a><\/h4>\n<h4><a href=\"https:\/\/drive.google.com\/file\/d\/0B2jqJniZNa7HX0Z4dlhQZld6SjQ\/view\">CONSULTA EL LISTADO AQU\u00cd<\/a><\/h4>\n","protected":false},"excerpt":{"rendered":"<p>Transcurrido el periodo de alegaciones se procede a publicar el segundo listado definitivo de aceptados\/as en la convocatoria de selecci\u00f3n de personal t\u00e9cnico para el desarrollo de actividades en el \u00e1mbito de la en la encomienda de gesti\u00f3n de apoyo a las tareas del gabinete de comunicaci\u00f3n. El proceso de selecci\u00f3n se ha hecho conforme&#8230;<\/p>\n","protected":false},"author":3,"featured_media":0,"comment_status":"closed","ping_status":"closed","sticky":false,"template":"","format":"standard","meta":{"footnotes":""},"categories":[232],"tags":[],"featured_image_thumbnail_url":null,"_links":{"self":[{"href":"https:\/\/fg.ull.es\/noticias\/wp-json\/wp\/v2\/posts\/38475"}],"collection":[{"href":"https:\/\/fg.ull.es\/noticias\/wp-json\/wp\/v2\/posts"}],"about":[{"href":"https:\/\/fg.ull.es\/noticias\/wp-json\/wp\/v2\/types\/post"}],"author":[{"embeddable":true,"href":"https:\/\/fg.ull.es\/noticias\/wp-json\/wp\/v2\/users\/3"}],"replies":[{"embeddable":true,"href":"https:\/\/fg.ull.es\/noticias\/wp-json\/wp\/v2\/comments?post=38475"}],"version-history":[{"count":1,"href":"https:\/\/fg.ull.es\/noticias\/wp-json\/wp\/v2\/posts\/38475\/revisions"}],"predecessor-version":[{"id":38476,"href":"https:\/\/fg.ull.es\/noticias\/wp-json\/wp\/v2\/posts\/38475\/revisions\/38476"}],"wp:attachment":[{"href":"https:\/\/fg.ull.es\/noticias\/wp-json\/wp\/v2\/media?parent=38475"}],"wp:term":[{"taxonomy":"category","embeddable":true,"href":"https:\/\/fg.ull.es\/noticias\/wp-json\/wp\/v2\/categories?post=38475"},{"taxonomy":"post_tag","embeddable":true,"href":"https:\/\/fg.ull.es\/noticias\/wp-json\/wp\/v2\/tags?post=38475"}],"curies":[{"name":"wp","href":"https:\/\/api.w.org\/{rel}","templated":true}]}}