{"id":38456,"date":"2018-09-26T11:03:58","date_gmt":"2018-09-26T10:03:58","guid":{"rendered":"https:\/\/fg.ull.es\/noticias\/?p=38456"},"modified":"2018-09-26T11:03:58","modified_gmt":"2018-09-26T10:03:58","slug":"segundo-listado-provisional-de-la-convocatoria-de-seleccion-de-una-beca-formativa-en-comunicacion-institucional-para-participar-en-el-gabinete-de-comunicacion-de-la-fundacion","status":"publish","type":"post","link":"https:\/\/fg.ull.es\/noticias\/2018\/09\/26\/segundo-listado-provisional-de-la-convocatoria-de-seleccion-de-una-beca-formativa-en-comunicacion-institucional-para-participar-en-el-gabinete-de-comunicacion-de-la-fundacion\/","title":{"rendered":"Segundo listado provisional de la convocatoria de selecci\u00f3n de una beca formativa en \u201ccomunicaci\u00f3n institucional\u201d para participar en el Gabinete de Comunicaci\u00f3n de la Fundaci\u00f3n"},"content":{"rendered":"<h4>Finalizada la segunda fase del proceso selectivo se procede a publicar el segundo listado provisional de aceptados\/as en la convocatoria de selecci\u00f3n de\u00a0una beca formativa en \u201ccomunicaci\u00f3n institucional\u201d para participar en el Gabinete de Comunicaci\u00f3n de la Fundaci\u00f3n.<\/h4>\n<p>A partir de este momento comienza el periodo de eventuales alegaciones que finalizar\u00e1 el pr\u00f3ximo d\u00eda 1 de octubre. Finalizado \u00e9ste y resueltas las alegaciones, se proceder\u00e1 a publicar el segundo listado definitivo con la confecci\u00f3n de la bolsa.<\/p>\n<p>Las alegaciones \u00fanica y exclusivamente se podr\u00e1n presentar telem\u00e1ticamente al correo electr\u00f3nico seleccion@fg.ull.es y utilizando el siguiente documento normalizado: documento de alegaciones.<\/p>\n<p>Para la valoraci\u00f3n de todas y cada una de las candidaturas, y de los futuros procesos, se ha tomado como fundamento lo especificado en:<\/p>\n<ul>\n<li><a href=\"https:\/\/drive.google.com\/file\/d\/1XM2HGaEnRUdxbWIjPEw4uJIR1rL4gpo2\/view\">Bases generales<\/a><\/li>\n<li><a href=\"https:\/\/drive.google.com\/file\/d\/1jnZmnNX0aAcr2IJXGOKEJ6P1igm5TSUz\/view\">Perfil singular<\/a><\/li>\n<\/ul>\n<p><span style=\"color: #ff0000\"><strong><a style=\"color: #ff0000\" href=\"https:\/\/drive.google.com\/file\/d\/1PZDtiEIK-Bk0c0JJ6dOV_KiNPIwcodYI\/view?usp=sharing\">Puede ver el segundo listado provisional\u00a0aqu\u00ed.<\/a><\/strong><\/span><\/p>\n","protected":false},"excerpt":{"rendered":"<p>Finalizada la segunda fase del proceso selectivo se procede a publicar el segundo listado provisional de aceptados\/as en la convocatoria de selecci\u00f3n de\u00a0una beca formativa en \u201ccomunicaci\u00f3n institucional\u201d para participar en el Gabinete de Comunicaci\u00f3n de la Fundaci\u00f3n. A partir de este momento comienza el periodo de eventuales alegaciones que finalizar\u00e1 el pr\u00f3ximo d\u00eda 1&#8230;<\/p>\n","protected":false},"author":3,"featured_media":0,"comment_status":"closed","ping_status":"closed","sticky":false,"template":"","format":"standard","meta":{"footnotes":""},"categories":[232],"tags":[],"featured_image_thumbnail_url":null,"_links":{"self":[{"href":"https:\/\/fg.ull.es\/noticias\/wp-json\/wp\/v2\/posts\/38456"}],"collection":[{"href":"https:\/\/fg.ull.es\/noticias\/wp-json\/wp\/v2\/posts"}],"about":[{"href":"https:\/\/fg.ull.es\/noticias\/wp-json\/wp\/v2\/types\/post"}],"author":[{"embeddable":true,"href":"https:\/\/fg.ull.es\/noticias\/wp-json\/wp\/v2\/users\/3"}],"replies":[{"embeddable":true,"href":"https:\/\/fg.ull.es\/noticias\/wp-json\/wp\/v2\/comments?post=38456"}],"version-history":[{"count":1,"href":"https:\/\/fg.ull.es\/noticias\/wp-json\/wp\/v2\/posts\/38456\/revisions"}],"predecessor-version":[{"id":38457,"href":"https:\/\/fg.ull.es\/noticias\/wp-json\/wp\/v2\/posts\/38456\/revisions\/38457"}],"wp:attachment":[{"href":"https:\/\/fg.ull.es\/noticias\/wp-json\/wp\/v2\/media?parent=38456"}],"wp:term":[{"taxonomy":"category","embeddable":true,"href":"https:\/\/fg.ull.es\/noticias\/wp-json\/wp\/v2\/categories?post=38456"},{"taxonomy":"post_tag","embeddable":true,"href":"https:\/\/fg.ull.es\/noticias\/wp-json\/wp\/v2\/tags?post=38456"}],"curies":[{"name":"wp","href":"https:\/\/api.w.org\/{rel}","templated":true}]}}