{"id":38446,"date":"2018-09-25T12:14:34","date_gmt":"2018-09-25T11:14:34","guid":{"rendered":"https:\/\/fg.ull.es\/noticias\/?p=38446"},"modified":"2018-09-25T12:14:34","modified_gmt":"2018-09-25T11:14:34","slug":"primeros-listados-provisionales-de-la-convocatoria-de-seleccion-de-personal-para-conformar-una-bolsa-de-empleo-para-el-desarrollo-de-actividades-de-promocion-y-gestion-de-proyectos-de-innovacion-socia","status":"publish","type":"post","link":"https:\/\/fg.ull.es\/noticias\/2018\/09\/25\/primeros-listados-provisionales-de-la-convocatoria-de-seleccion-de-personal-para-conformar-una-bolsa-de-empleo-para-el-desarrollo-de-actividades-de-promocion-y-gestion-de-proyectos-de-innovacion-socia\/","title":{"rendered":"Primeros listados provisionales de la convocatoria de selecci\u00f3n de personal para conformar una bolsa de empleo para el desarrollo de actividades de promoci\u00f3n y gesti\u00f3n de proyectos de innovaci\u00f3n social en la Fundaci\u00f3n General de la Universidad de la Laguna (2018BDE024)."},"content":{"rendered":"<h4>A continuaci\u00f3n, se presentan los primeros listados provisionales de aceptados\/as y excluidos\/as de la convocatoria de selecci\u00f3n de personal para conformar una bolsa de empleo para el desarrollo de actividades de promoci\u00f3n y gesti\u00f3n de proyectos de innovaci\u00f3n social en la Fundaci\u00f3n General de la Universidad de la Laguna (perfil de t\u00e9cnico\/a de proyectos de innovaci\u00f3n social)<\/h4>\n<p>A partir de este momento, comienza el periodo de alegaciones que, en ning\u00fan caso, ser\u00e1 periodo de subsanaci\u00f3n de documentaci\u00f3n. Finalizado \u00e9ste, a las 23:59 horas del 28 de septiembre de 2018, y resueltas \u00e9stas, se proceder\u00e1n a publicar los primeros listados definitivos.<\/p>\n<ul>\n<li><a href=\"https:\/\/drive.google.com\/file\/d\/1SPKzXQ7qrN8dENKcyv7yrieEFd9xCNLW\/view?usp=sharing\" target=\"_blank\" rel=\"noopener\">Primer listado provisional perfil de t\u00e9cnico\/a de proyectos de innovaci\u00f3n social (2018BDE024)<\/a><\/li>\n<\/ul>\n<p>Las alegaciones \u00fanica y exclusivamente se podr\u00e1n presentar telem\u00e1ticamente al correo electr\u00f3nico seleccion@fg.ull.es y utilizando el siguiente documento normalizado: documento de alegaciones\u00a0(<a href=\"https:\/\/drive.google.com\/file\/d\/1AjQ2_QoJh8y4Wk4pXTFHDmMWWJDjdPWj\/view\" target=\"_blank\" rel=\"noopener\">WORD<\/a>,\u00a0<a href=\"https:\/\/drive.google.com\/file\/d\/1DuuuV1M41CdeChfBIGuGTkTBnbaMQ-a0\/view\" target=\"_blank\" rel=\"noopener\">PDF<\/a>,\u00a0<a href=\"https:\/\/drive.google.com\/file\/d\/1ojwPeI6mI3VqEui-FawdtsWLyRuXbPJp\/view\" target=\"_blank\" rel=\"noopener\">ODT<\/a>).<\/p>\n<p>Para la valoraci\u00f3n de todas y cada una de las candidaturas, y de los futuros procesos, se ha tomado\/tomar\u00e1 como fundamento lo especificado en:<\/p>\n<ul>\n<li><a href=\"https:\/\/drive.google.com\/open?id=1jLQAK1YKe_sRZ3rnHzej682KCN_FQCam\" target=\"_blank\" rel=\"noopener\">Bases Generales<\/a><\/li>\n<li><a href=\"https:\/\/drive.google.com\/open?id=1OOsr8hZ_-3WABCvGpXlaP4oQPB2gyL6c\" target=\"_blank\" rel=\"noopener\">Perfil Singular\u00a0<strong>2018BDE024\u00a0<\/strong>\u2013 T\u00e9cnico\/a Unidad de Innovaci\u00f3n Social<\/a><\/li>\n<\/ul>\n","protected":false},"excerpt":{"rendered":"<p>A continuaci\u00f3n, se presentan los primeros listados provisionales de aceptados\/as y excluidos\/as de la convocatoria de selecci\u00f3n de personal para conformar una bolsa de empleo para el desarrollo de actividades de promoci\u00f3n y gesti\u00f3n de proyectos de innovaci\u00f3n social en la Fundaci\u00f3n General de la Universidad de la Laguna (perfil de t\u00e9cnico\/a de proyectos de&#8230;<\/p>\n","protected":false},"author":5,"featured_media":0,"comment_status":"closed","ping_status":"closed","sticky":false,"template":"","format":"standard","meta":{"footnotes":""},"categories":[52,232],"tags":[98,44,543],"featured_image_thumbnail_url":null,"_links":{"self":[{"href":"https:\/\/fg.ull.es\/noticias\/wp-json\/wp\/v2\/posts\/38446"}],"collection":[{"href":"https:\/\/fg.ull.es\/noticias\/wp-json\/wp\/v2\/posts"}],"about":[{"href":"https:\/\/fg.ull.es\/noticias\/wp-json\/wp\/v2\/types\/post"}],"author":[{"embeddable":true,"href":"https:\/\/fg.ull.es\/noticias\/wp-json\/wp\/v2\/users\/5"}],"replies":[{"embeddable":true,"href":"https:\/\/fg.ull.es\/noticias\/wp-json\/wp\/v2\/comments?post=38446"}],"version-history":[{"count":1,"href":"https:\/\/fg.ull.es\/noticias\/wp-json\/wp\/v2\/posts\/38446\/revisions"}],"predecessor-version":[{"id":38447,"href":"https:\/\/fg.ull.es\/noticias\/wp-json\/wp\/v2\/posts\/38446\/revisions\/38447"}],"wp:attachment":[{"href":"https:\/\/fg.ull.es\/noticias\/wp-json\/wp\/v2\/media?parent=38446"}],"wp:term":[{"taxonomy":"category","embeddable":true,"href":"https:\/\/fg.ull.es\/noticias\/wp-json\/wp\/v2\/categories?post=38446"},{"taxonomy":"post_tag","embeddable":true,"href":"https:\/\/fg.ull.es\/noticias\/wp-json\/wp\/v2\/tags?post=38446"}],"curies":[{"name":"wp","href":"https:\/\/api.w.org\/{rel}","templated":true}]}}