{"id":38393,"date":"2018-09-17T15:26:18","date_gmt":"2018-09-17T14:26:18","guid":{"rendered":"https:\/\/fg.ull.es\/noticias\/?p=38393"},"modified":"2018-09-17T15:26:18","modified_gmt":"2018-09-17T14:26:18","slug":"segundo-listado-provisional-de-la-seleccion-de-personal-tecnico-para-desarrollo-de-actividades-en-el-ambito-de-la-en-la-encomienda-de-gestion-de-apoyo-a-las-tareas-del-gabinete-de-comunicacion","status":"publish","type":"post","link":"https:\/\/fg.ull.es\/noticias\/2018\/09\/17\/segundo-listado-provisional-de-la-seleccion-de-personal-tecnico-para-desarrollo-de-actividades-en-el-ambito-de-la-en-la-encomienda-de-gestion-de-apoyo-a-las-tareas-del-gabinete-de-comunicacion\/","title":{"rendered":"Segundo listado provisional de la selecci\u00f3n de Personal t\u00e9cnico para desarrollo de actividades en el \u00e1mbito de la en la encomienda de gesti\u00f3n de apoyo a las tareas del gabinete de comunicaci\u00f3n \u2013 2018BDE017"},"content":{"rendered":"<h4>Finalizada la segunda fase del proceso selectivo se procede a publicar el segundo listado provisional de aceptados\/as en la convocatoria de selecci\u00f3n de personal t\u00e9cnico para el desarrollo de actividades en el \u00e1mbito de la en la encomienda de gesti\u00f3n de apoyo a las tareas del gabinete de comunicaci\u00f3n.<\/h4>\n<p>A partir de este momento comienza el periodo de<strong> eventuales alegaciones<\/strong> que finalizar\u00e1 el pr\u00f3ximo <strong>d\u00eda 21 de septiembre<\/strong> de 2018. Finalizado \u00e9ste y resueltas las alegaciones, se proceder\u00e1 a publicar el segundo listado definitivo con la confecci\u00f3n de la bolsa. Las alegaciones se deber\u00e1n realizar exclusivamente utilizando el documento normalizado de alegaciones.<\/p>\n<p>El proceso de selecci\u00f3n se ha hecho conforme a:<\/p>\n<h4><a href=\"https:\/\/drive.google.com\/file\/d\/0B1OuMDhtNMGOcVB5ZUQyQ2d5a0U\/view\">Bases generales<\/a><\/h4>\n<h4><a href=\"https:\/\/drive.google.com\/file\/d\/0B2jqJniZNa7HTjFvSTlGT3YtcWc\/view\">Perfil singular<\/a><\/h4>\n<h4><a href=\"https:\/\/drive.google.com\/file\/d\/0Bw3NGKR8uBCOc1ZNVzZGNUtDa28\/view\">Documento de alegaciones<\/a><\/h4>\n<h4><span style=\"color: #ff0000\"><a style=\"color: #ff0000\" href=\"https:\/\/drive.google.com\/file\/d\/0B2jqJniZNa7HWlNtSTUwSFU3ZGc\/view\">CONSULTA EL LISTADO AQU\u00cd<\/a><\/span><\/h4>\n","protected":false},"excerpt":{"rendered":"<p>Finalizada la segunda fase del proceso selectivo se procede a publicar el segundo listado provisional de aceptados\/as en la convocatoria de selecci\u00f3n de personal t\u00e9cnico para el desarrollo de actividades en el \u00e1mbito de la en la encomienda de gesti\u00f3n de apoyo a las tareas del gabinete de comunicaci\u00f3n. A partir de este momento comienza&#8230;<\/p>\n","protected":false},"author":3,"featured_media":0,"comment_status":"closed","ping_status":"closed","sticky":false,"template":"","format":"standard","meta":{"footnotes":""},"categories":[52,232],"tags":[98],"featured_image_thumbnail_url":null,"_links":{"self":[{"href":"https:\/\/fg.ull.es\/noticias\/wp-json\/wp\/v2\/posts\/38393"}],"collection":[{"href":"https:\/\/fg.ull.es\/noticias\/wp-json\/wp\/v2\/posts"}],"about":[{"href":"https:\/\/fg.ull.es\/noticias\/wp-json\/wp\/v2\/types\/post"}],"author":[{"embeddable":true,"href":"https:\/\/fg.ull.es\/noticias\/wp-json\/wp\/v2\/users\/3"}],"replies":[{"embeddable":true,"href":"https:\/\/fg.ull.es\/noticias\/wp-json\/wp\/v2\/comments?post=38393"}],"version-history":[{"count":2,"href":"https:\/\/fg.ull.es\/noticias\/wp-json\/wp\/v2\/posts\/38393\/revisions"}],"predecessor-version":[{"id":38397,"href":"https:\/\/fg.ull.es\/noticias\/wp-json\/wp\/v2\/posts\/38393\/revisions\/38397"}],"wp:attachment":[{"href":"https:\/\/fg.ull.es\/noticias\/wp-json\/wp\/v2\/media?parent=38393"}],"wp:term":[{"taxonomy":"category","embeddable":true,"href":"https:\/\/fg.ull.es\/noticias\/wp-json\/wp\/v2\/categories?post=38393"},{"taxonomy":"post_tag","embeddable":true,"href":"https:\/\/fg.ull.es\/noticias\/wp-json\/wp\/v2\/tags?post=38393"}],"curies":[{"name":"wp","href":"https:\/\/api.w.org\/{rel}","templated":true}]}}