{"id":38391,"date":"2018-09-17T14:27:46","date_gmt":"2018-09-17T13:27:46","guid":{"rendered":"https:\/\/fg.ull.es\/noticias\/?p=38391"},"modified":"2018-09-17T15:07:45","modified_gmt":"2018-09-17T14:07:45","slug":"primer-listado-definitivo-para-configurar-una-bolsa-de-becas-formativas-de-comunicacion-institucional-para-participar-en-el-gabinete-de-comunicacion-de-la-fundacion","status":"publish","type":"post","link":"https:\/\/fg.ull.es\/noticias\/2018\/09\/17\/primer-listado-definitivo-para-configurar-una-bolsa-de-becas-formativas-de-comunicacion-institucional-para-participar-en-el-gabinete-de-comunicacion-de-la-fundacion\/","title":{"rendered":"Primer listado definitivo para configurar una bolsa de becas formativas de \u201ccomunicaci\u00f3n institucional\u201d para participar en el Gabinete de Comunicaci\u00f3n de la Fundaci\u00f3n"},"content":{"rendered":"<p>Finalizado el periodo de alegaciones, se presenta el primer listado definitivo de aceptados\/as y excluidos\/as de la convocatoria.<br \/>\nPara la valoraci\u00f3n de todas y cada una de las candidaturas, y de los futuros procesos, se ha tomado\/tomar\u00e1 como fundamento lo especificado en:<\/p>\n<p><a href=\"https:\/\/drive.google.com\/file\/d\/1XM2HGaEnRUdxbWIjPEw4uJIR1rL4gpo2\/view?usp=sharing\">Bases generales<\/a><\/p>\n<p><a href=\"https:\/\/drive.google.com\/file\/d\/1jnZmnNX0aAcr2IJXGOKEJ6P1igm5TSUz\/view?usp=sharing\">Perfil singular<\/a><\/p>\n<p><a href=\"https:\/\/drive.google.com\/file\/d\/1xcN-7wnLynPR4sou_KVdZDuOWfqRfy_u\/view?usp=sharing\"><strong>CONSULTA EL LISTADO AQU\u00cd<\/strong><\/a><\/p>\n<p>La siguiente fase del proceso de selecci\u00f3n tendr\u00e1 lugar pr\u00f3ximamente.<\/p>\n","protected":false},"excerpt":{"rendered":"<p>Finalizado el periodo de alegaciones, se presenta el primer listado definitivo de aceptados\/as y excluidos\/as de la convocatoria. Para la valoraci\u00f3n de todas y cada una de las candidaturas, y de los futuros procesos, se ha tomado\/tomar\u00e1 como fundamento lo especificado en: Bases generales Perfil singular CONSULTA EL LISTADO AQU\u00cd La siguiente fase del proceso&#8230;<\/p>\n","protected":false},"author":3,"featured_media":0,"comment_status":"closed","ping_status":"closed","sticky":false,"template":"","format":"standard","meta":{"footnotes":""},"categories":[232],"tags":[],"featured_image_thumbnail_url":null,"_links":{"self":[{"href":"https:\/\/fg.ull.es\/noticias\/wp-json\/wp\/v2\/posts\/38391"}],"collection":[{"href":"https:\/\/fg.ull.es\/noticias\/wp-json\/wp\/v2\/posts"}],"about":[{"href":"https:\/\/fg.ull.es\/noticias\/wp-json\/wp\/v2\/types\/post"}],"author":[{"embeddable":true,"href":"https:\/\/fg.ull.es\/noticias\/wp-json\/wp\/v2\/users\/3"}],"replies":[{"embeddable":true,"href":"https:\/\/fg.ull.es\/noticias\/wp-json\/wp\/v2\/comments?post=38391"}],"version-history":[{"count":3,"href":"https:\/\/fg.ull.es\/noticias\/wp-json\/wp\/v2\/posts\/38391\/revisions"}],"predecessor-version":[{"id":38395,"href":"https:\/\/fg.ull.es\/noticias\/wp-json\/wp\/v2\/posts\/38391\/revisions\/38395"}],"wp:attachment":[{"href":"https:\/\/fg.ull.es\/noticias\/wp-json\/wp\/v2\/media?parent=38391"}],"wp:term":[{"taxonomy":"category","embeddable":true,"href":"https:\/\/fg.ull.es\/noticias\/wp-json\/wp\/v2\/categories?post=38391"},{"taxonomy":"post_tag","embeddable":true,"href":"https:\/\/fg.ull.es\/noticias\/wp-json\/wp\/v2\/tags?post=38391"}],"curies":[{"name":"wp","href":"https:\/\/api.w.org\/{rel}","templated":true}]}}