{"id":38385,"date":"2018-09-17T12:03:38","date_gmt":"2018-09-17T11:03:38","guid":{"rendered":"https:\/\/fg.ull.es\/noticias\/?p=38385"},"modified":"2018-09-17T12:04:20","modified_gmt":"2018-09-17T11:04:20","slug":"convocatoria-de-seleccion-de-una-beca-formativa-de-gestion-de-contenidos-informatica-para-la-fundacion-general-de-la-ull","status":"publish","type":"post","link":"https:\/\/fg.ull.es\/noticias\/2018\/09\/17\/convocatoria-de-seleccion-de-una-beca-formativa-de-gestion-de-contenidos-informatica-para-la-fundacion-general-de-la-ull\/","title":{"rendered":"Convocatoria de selecci\u00f3n de una beca formativa de\u00a0&#8220;gesti\u00f3n de contenidos &#8211; inform\u00e1tica&#8221; para la Fundaci\u00f3n General de la ULL"},"content":{"rendered":"<p><strong>El proceso de inscripci\u00f3n estar\u00e1 abierto hasta el pr\u00f3ximo d\u00eda 23 de septiembre de 2018.\u00a0<\/strong><\/p>\n<p>Las personas interesadas en participar en el proceso de selecci\u00f3n de la beca deben cumplir con lo expuesto en las bases generales y perfil singular de la convocatoria. Los requisitos m\u00ednimos y m\u00e9ritos baremables son los siguientes:<\/p>\n<p><strong>Requisito m\u00ednimo:<\/strong> estar en posesi\u00f3n del Grado en\u00a0Inform\u00e1tica, con titulaci\u00f3n homologada por el Ministerio de Educaci\u00f3n Espa\u00f1ol.<\/p>\n<p><strong>M\u00e9ritos baremables:<\/strong><\/p>\n<ul>\n<li>Formaci\u00f3n complementaria relacionada en creaci\u00f3n y actualizaci\u00f3n de contenidos digitales educativos y de divulgaci\u00f3n.)<\/li>\n<li>Formaci\u00f3n complementaria relacionada en gestores de contenidos.<\/li>\n<li>Formaci\u00f3n complementaria acreditada en plataformas colaborativas.<\/li>\n<li>Formaci\u00f3n complementaria acreditada en plataformas educativas.<\/li>\n<li>Formaci\u00f3n complementaria acreditada en desarrollo web.<\/li>\n<li>Formaci\u00f3n complementaria acreditada en Lengua Inglesa seg\u00fan el Marco Com\u00fan Europeo de Referencia para las Lenguas.<\/li>\n<li>Formaci\u00f3n complementaria relacionada en gesti\u00f3n de sistemas de videoconferencia integrados en plataformas educativas.<\/li>\n<li>Nota media del expediente, hasta un m\u00e1ximo de 3 puntos.<\/li>\n<li>Entrevista personal presencial o por videoconferencia.<\/li>\n<\/ul>\n<p>Toda la informaci\u00f3n, correctamente detallada se puede consultar en los siguientes enlaces:<\/p>\n<p><strong><a href=\"https:\/\/drive.google.com\/file\/d\/1XM2HGaEnRUdxbWIjPEw4uJIR1rL4gpo2\/view\">Bases generales<\/a><\/strong><\/p>\n<p><strong><a href=\"https:\/\/drive.google.com\/file\/d\/0B2jqJniZNa7HWlBiSlF4Y2g5R1U\/view\">Perfil singular<\/a><\/strong><\/p>\n<h3><span style=\"color: #ff0000\"><strong><a style=\"color: #ff0000\" href=\"https:\/\/sede.fg.ull.es\/es\/empleo\/detalle\/a18220505\/fundacion-canaria-general-de-la-universidad-de-la-laguna\">Puedes inscribirte aqu\u00ed<\/a><\/strong><\/span><\/h3>\n","protected":false},"excerpt":{"rendered":"<p>El proceso de inscripci\u00f3n estar\u00e1 abierto hasta el pr\u00f3ximo d\u00eda 23 de septiembre de 2018.\u00a0 Las personas interesadas en participar en el proceso de selecci\u00f3n de la beca deben cumplir con lo expuesto en las bases generales y perfil singular de la convocatoria. Los requisitos m\u00ednimos y m\u00e9ritos baremables son los siguientes: Requisito m\u00ednimo: estar&#8230;<\/p>\n","protected":false},"author":3,"featured_media":0,"comment_status":"closed","ping_status":"closed","sticky":false,"template":"","format":"standard","meta":{"footnotes":""},"categories":[232],"tags":[75],"featured_image_thumbnail_url":null,"_links":{"self":[{"href":"https:\/\/fg.ull.es\/noticias\/wp-json\/wp\/v2\/posts\/38385"}],"collection":[{"href":"https:\/\/fg.ull.es\/noticias\/wp-json\/wp\/v2\/posts"}],"about":[{"href":"https:\/\/fg.ull.es\/noticias\/wp-json\/wp\/v2\/types\/post"}],"author":[{"embeddable":true,"href":"https:\/\/fg.ull.es\/noticias\/wp-json\/wp\/v2\/users\/3"}],"replies":[{"embeddable":true,"href":"https:\/\/fg.ull.es\/noticias\/wp-json\/wp\/v2\/comments?post=38385"}],"version-history":[{"count":2,"href":"https:\/\/fg.ull.es\/noticias\/wp-json\/wp\/v2\/posts\/38385\/revisions"}],"predecessor-version":[{"id":38387,"href":"https:\/\/fg.ull.es\/noticias\/wp-json\/wp\/v2\/posts\/38385\/revisions\/38387"}],"wp:attachment":[{"href":"https:\/\/fg.ull.es\/noticias\/wp-json\/wp\/v2\/media?parent=38385"}],"wp:term":[{"taxonomy":"category","embeddable":true,"href":"https:\/\/fg.ull.es\/noticias\/wp-json\/wp\/v2\/categories?post=38385"},{"taxonomy":"post_tag","embeddable":true,"href":"https:\/\/fg.ull.es\/noticias\/wp-json\/wp\/v2\/tags?post=38385"}],"curies":[{"name":"wp","href":"https:\/\/api.w.org\/{rel}","templated":true}]}}