{"id":38345,"date":"2018-09-11T13:45:25","date_gmt":"2018-09-11T12:45:25","guid":{"rendered":"https:\/\/fg.ull.es\/noticias\/?p=38345"},"modified":"2018-09-11T13:45:25","modified_gmt":"2018-09-11T12:45:25","slug":"primer-listado-provisional-para-configurar-una-bolsa-de-becas-formativas-de-comunicacion-institucional-para-participar-en-el-gabinete-de-comunicacion-de-la-fundacion","status":"publish","type":"post","link":"https:\/\/fg.ull.es\/noticias\/2018\/09\/11\/primer-listado-provisional-para-configurar-una-bolsa-de-becas-formativas-de-comunicacion-institucional-para-participar-en-el-gabinete-de-comunicacion-de-la-fundacion\/","title":{"rendered":"Primer listado provisional para configurar una bolsa de becas formativas de \u201ccomunicaci\u00f3n institucional\u201d para participar en el Gabinete de Comunicaci\u00f3n de la Fundaci\u00f3n"},"content":{"rendered":"<h3>A continuaci\u00f3n, se presenta el listado provisional de aceptados\/as y excluidos\/as de la convocatoria de selecci\u00f3n de una una beca formativa para participar en el \u201cGabinete de Comunicaci\u00f3n de la Fundaci\u00f3n General de la ULL\u201d.<\/h3>\n<p>A partir de este momento, comienza el periodo de alegaciones que, en ning\u00fan caso, ser\u00e1 per\u00edodo de subsanaci\u00f3n de documentaci\u00f3n. Finalizado \u00e9ste, a las 23:59 horas del 17 de septiembre de 2018, y resueltas las alegaciones, se proceder\u00e1 a publicar el primer listado definitivo.<\/p>\n<p>Las alegaciones \u00fanica y exclusivamente se podr\u00e1n presentar telem\u00e1ticamente al correo electr\u00f3nico seleccion@fg.ull.es y utilizando el siguiente documento normalizado: documento de alegaciones (<a href=\"https:\/\/drive.google.com\/file\/d\/1AjQ2_QoJh8y4Wk4pXTFHDmMWWJDjdPWj\/view\" target=\"_blank\" rel=\"noopener\">WORD<\/a>,\u00a0<a href=\"https:\/\/drive.google.com\/file\/d\/1DuuuV1M41CdeChfBIGuGTkTBnbaMQ-a0\/view\" target=\"_blank\" rel=\"noopener\">PDF<\/a>,\u00a0<a href=\"https:\/\/drive.google.com\/file\/d\/1ojwPeI6mI3VqEui-FawdtsWLyRuXbPJp\/view\" target=\"_blank\" rel=\"noopener\">ODT<\/a>).<\/p>\n<p><strong><a href=\"https:\/\/drive.google.com\/file\/d\/1YAGBQxj7CorXw2AdxNtNXOQWQm6bgp-1\/view?usp=sharing\">CONSULTA EL LISTADO AQU\u00cd<\/a><\/strong><\/p>\n<p>Todo el proceso se regula por las bases presentadas:<\/p>\n<p><a href=\"https:\/\/drive.google.com\/file\/d\/1XM2HGaEnRUdxbWIjPEw4uJIR1rL4gpo2\/view?usp=sharing\">Bases generales<\/a><\/p>\n<p><a href=\"https:\/\/drive.google.com\/file\/d\/1jnZmnNX0aAcr2IJXGOKEJ6P1igm5TSUz\/view?usp=sharing\">Perfil singular<\/a><\/p>\n<p>&nbsp;<\/p>\n","protected":false},"excerpt":{"rendered":"<p>A continuaci\u00f3n, se presenta el listado provisional de aceptados\/as y excluidos\/as de la convocatoria de selecci\u00f3n de una una beca formativa para participar en el \u201cGabinete de Comunicaci\u00f3n de la Fundaci\u00f3n General de la ULL\u201d. A partir de este momento, comienza el periodo de alegaciones que, en ning\u00fan caso, ser\u00e1 per\u00edodo de subsanaci\u00f3n de documentaci\u00f3n&#8230;.<\/p>\n","protected":false},"author":3,"featured_media":0,"comment_status":"closed","ping_status":"closed","sticky":false,"template":"","format":"standard","meta":{"footnotes":""},"categories":[232],"tags":[],"featured_image_thumbnail_url":null,"_links":{"self":[{"href":"https:\/\/fg.ull.es\/noticias\/wp-json\/wp\/v2\/posts\/38345"}],"collection":[{"href":"https:\/\/fg.ull.es\/noticias\/wp-json\/wp\/v2\/posts"}],"about":[{"href":"https:\/\/fg.ull.es\/noticias\/wp-json\/wp\/v2\/types\/post"}],"author":[{"embeddable":true,"href":"https:\/\/fg.ull.es\/noticias\/wp-json\/wp\/v2\/users\/3"}],"replies":[{"embeddable":true,"href":"https:\/\/fg.ull.es\/noticias\/wp-json\/wp\/v2\/comments?post=38345"}],"version-history":[{"count":1,"href":"https:\/\/fg.ull.es\/noticias\/wp-json\/wp\/v2\/posts\/38345\/revisions"}],"predecessor-version":[{"id":38346,"href":"https:\/\/fg.ull.es\/noticias\/wp-json\/wp\/v2\/posts\/38345\/revisions\/38346"}],"wp:attachment":[{"href":"https:\/\/fg.ull.es\/noticias\/wp-json\/wp\/v2\/media?parent=38345"}],"wp:term":[{"taxonomy":"category","embeddable":true,"href":"https:\/\/fg.ull.es\/noticias\/wp-json\/wp\/v2\/categories?post=38345"},{"taxonomy":"post_tag","embeddable":true,"href":"https:\/\/fg.ull.es\/noticias\/wp-json\/wp\/v2\/tags?post=38345"}],"curies":[{"name":"wp","href":"https:\/\/api.w.org\/{rel}","templated":true}]}}