{"id":38294,"date":"2018-09-05T16:20:26","date_gmt":"2018-09-05T15:20:26","guid":{"rendered":"https:\/\/fg.ull.es\/noticias\/?p=38294"},"modified":"2018-09-06T09:28:11","modified_gmt":"2018-09-06T08:28:11","slug":"convocatoria-de-seleccion-de-personal-para-participar-en-la-bolsa-de-empleo-de-la-unidad-de-innovacion-social-de-la-agencia-de-innovacion-de-la-fundacion-general-universidad-de-la-laguna-2018bde024","status":"publish","type":"post","link":"https:\/\/fg.ull.es\/noticias\/2018\/09\/05\/convocatoria-de-seleccion-de-personal-para-participar-en-la-bolsa-de-empleo-de-la-unidad-de-innovacion-social-de-la-agencia-de-innovacion-de-la-fundacion-general-universidad-de-la-laguna-2018bde024\/","title":{"rendered":"Convocatoria de selecci\u00f3n de personal para participar en la bolsa de empleo de la Unidad de Innovaci\u00f3n Social de la Agencia de Innovaci\u00f3n de la Fundaci\u00f3n General Universidad de La Laguna.  (2018BDE024)"},"content":{"rendered":"<h4>Desde hoy y hasta el pr\u00f3ximo 11 de septiembre de 2018, ambos inclusive, estar\u00e1 abierto el periodo de inscripci\u00f3n del proceso de selecci\u00f3n de t\u00e9cnicos\/as para el desarrollo de actividades de promoci\u00f3n y gesti\u00f3n de proyectos de innovaci\u00f3n social en la Fundaci\u00f3n General de la Universidad de la Laguna.<\/h4>\n<p>Se abre una nueva convocatoria de selecci\u00f3n de personal experto en promoci\u00f3n y gesti\u00f3n de proyectos de innovaci\u00f3n social para participar en la mencionada bolsa. Las personas interesadas en participar en el proceso de selecci\u00f3n, deben cumplir con lo expuesto en las bases generales y en los perfiles singulares de las convocatorias.<\/p>\n<p><strong>\u00a0Perfil T\u00e9cnico\/a de promoci\u00f3n y gesti\u00f3n de proyectos de innovaci\u00f3n social (2018BDE024):<\/strong><\/p>\n<p><u>Requisitos M\u00ednimos<\/u>:<\/p>\n<ul>\n<li>R.1 Ser graduado\/a, diplomado\/a o licenciado\/a universitario\/a.<\/li>\n<li>R.2 Experiencia profesional acreditada como t\u00e9cnico\/a en la gesti\u00f3n y\/o ejecuci\u00f3n de proyectos sociales, de al menos 12 meses.<\/li>\n<\/ul>\n<p><u>Baremables (1\u00aa fase):<\/u><\/p>\n<ol>\n<li>Experiencia en gesti\u00f3n t\u00e9cnica y econ\u00f3mica de proyectos de innovaci\u00f3n social y transferencia de conocimiento.<\/li>\n<li>Experiencia en el dise\u00f1o, ejecuci\u00f3n y justificaci\u00f3n de proyectos sociales<\/li>\n<li>Experiencia en acompa\u00f1amientos y\/o asesoramientos a las Administraciones P\u00fablicas<\/li>\n<li>Experiencia en el dise\u00f1o y redacci\u00f3n de proyectos<\/li>\n<li>Experiencia en la gesti\u00f3n y organizaci\u00f3n de eventos relacionados con la innovaci\u00f3n social, pol\u00edticas y tem\u00e1ticas sociales, la tecnolog\u00eda y la transferencia de conocimiento<\/li>\n<li>Formaci\u00f3n en el \u00e1mbito de la gesti\u00f3n y desarrollo de actividades relacionadas con la transferencia de conocimiento.<\/li>\n<li>Formaci\u00f3n de posgrado en materias sociales<\/li>\n<li>Cursos, jornadas, congresos, talleres, \u2026 relacionadas con tem\u00e1ticas sociales (igualdad de g\u00e9nero, violencia machista, medioambiente, promoci\u00f3n de la salud, envejecimiento, juventud, metodolog\u00edas participativas,&#8230;)<\/li>\n<li>Formaci\u00f3n en alguno de los idiomas siguientes: ingl\u00e9s, franc\u00e9s o portugu\u00e9s. (Por ejemplo: un B1 en franc\u00e9s y un B2 en ingl\u00e9s supondr\u00eda 3 puntos)<\/li>\n<\/ol>\n<p>Para la inscripci\u00f3n es totalmente necesario el cumplimiento de los requisitos expuestos en las bases que se presentan a continuaci\u00f3n:<\/p>\n<ul>\n<li><a href=\"https:\/\/drive.google.com\/open?id=1jLQAK1YKe_sRZ3rnHzej682KCN_FQCam\" target=\"_blank\" rel=\"noopener\">Bases Generales<\/a><\/li>\n<li><a href=\"https:\/\/drive.google.com\/open?id=1OOsr8hZ_-3WABCvGpXlaP4oQPB2gyL6c\" target=\"_blank\" rel=\"noopener\">Perfil Singular <strong>2018BDE024 <\/strong>\u2013 T\u00e9cnico\/a Unidad de Innovaci\u00f3n Social<\/a><\/li>\n<li>Anexo I <strong>2018BDE024 <\/strong>\u00a0\u2013 Proyectos de Innovaci\u00f3n Social (<a href=\"https:\/\/drive.google.com\/open?id=1Ga7K6alVC6vArqsdNbP7HjorbXuPTbxb\" target=\"_blank\" rel=\"noopener\">doc<\/a>, <a href=\"https:\/\/drive.google.com\/open?id=1ca8VU11dYacL5sIrZIV4g6hdGim6jcO1\" target=\"_blank\" rel=\"noopener\">pdf<\/a>, <a href=\"https:\/\/drive.google.com\/open?id=1eqbvjzOD9rDPdeAUp2vEVd9yZaWXCsPM\" target=\"_blank\" rel=\"noopener\">odt<\/a>)<\/li>\n<\/ul>\n<p>Puedes inscribirte <a href=\"https:\/\/sede.fg.ull.es\/es\/empleo\/detalle\/a18120005\/fundacion-general-de-la-universidad-de-la-laguna-agencia-universitaria-de-innovacion\" target=\"_blank\" rel=\"noopener\">aqu\u00ed<\/a><\/p>\n","protected":false},"excerpt":{"rendered":"<p>Desde hoy y hasta el pr\u00f3ximo 11 de septiembre de 2018, ambos inclusive, estar\u00e1 abierto el periodo de inscripci\u00f3n del proceso de selecci\u00f3n de t\u00e9cnicos\/as para el desarrollo de actividades de promoci\u00f3n y gesti\u00f3n de proyectos de innovaci\u00f3n social en la Fundaci\u00f3n General de la Universidad de la Laguna. Se abre una nueva convocatoria de&#8230;<\/p>\n","protected":false},"author":5,"featured_media":0,"comment_status":"closed","ping_status":"closed","sticky":false,"template":"","format":"standard","meta":{"footnotes":""},"categories":[52,232],"tags":[98,44,30],"featured_image_thumbnail_url":null,"_links":{"self":[{"href":"https:\/\/fg.ull.es\/noticias\/wp-json\/wp\/v2\/posts\/38294"}],"collection":[{"href":"https:\/\/fg.ull.es\/noticias\/wp-json\/wp\/v2\/posts"}],"about":[{"href":"https:\/\/fg.ull.es\/noticias\/wp-json\/wp\/v2\/types\/post"}],"author":[{"embeddable":true,"href":"https:\/\/fg.ull.es\/noticias\/wp-json\/wp\/v2\/users\/5"}],"replies":[{"embeddable":true,"href":"https:\/\/fg.ull.es\/noticias\/wp-json\/wp\/v2\/comments?post=38294"}],"version-history":[{"count":1,"href":"https:\/\/fg.ull.es\/noticias\/wp-json\/wp\/v2\/posts\/38294\/revisions"}],"predecessor-version":[{"id":38295,"href":"https:\/\/fg.ull.es\/noticias\/wp-json\/wp\/v2\/posts\/38294\/revisions\/38295"}],"wp:attachment":[{"href":"https:\/\/fg.ull.es\/noticias\/wp-json\/wp\/v2\/media?parent=38294"}],"wp:term":[{"taxonomy":"category","embeddable":true,"href":"https:\/\/fg.ull.es\/noticias\/wp-json\/wp\/v2\/categories?post=38294"},{"taxonomy":"post_tag","embeddable":true,"href":"https:\/\/fg.ull.es\/noticias\/wp-json\/wp\/v2\/tags?post=38294"}],"curies":[{"name":"wp","href":"https:\/\/api.w.org\/{rel}","templated":true}]}}