{"id":38239,"date":"2018-08-30T13:15:49","date_gmt":"2018-08-30T12:15:49","guid":{"rendered":"https:\/\/fg.ull.es\/noticias\/?p=38239"},"modified":"2018-08-30T13:16:05","modified_gmt":"2018-08-30T12:16:05","slug":"primer-listado-definitivo-de-la-seleccion-de-personal-tecnico-para-desarrollo-de-actividades-en-el-ambito-de-la-en-la-encomienda-de-gestion-de-apoyo-a-las-tareas-del-gabinete-de-comunicacion","status":"publish","type":"post","link":"https:\/\/fg.ull.es\/noticias\/2018\/08\/30\/primer-listado-definitivo-de-la-seleccion-de-personal-tecnico-para-desarrollo-de-actividades-en-el-ambito-de-la-en-la-encomienda-de-gestion-de-apoyo-a-las-tareas-del-gabinete-de-comunicacion\/","title":{"rendered":"Primer listado definitivo de la selecci\u00f3n de Personal t\u00e9cnico para desarrollo de actividades en el \u00e1mbito de la en la encomienda de gesti\u00f3n de apoyo a las tareas del gabinete de comunicaci\u00f3n \u2013 2018BDE017"},"content":{"rendered":"<p>Finalizado el periodo de alegaciones, se presentan los primeros listados definitivos de aceptados\/as y excluidos\/as de la convocatoria.<br \/>\nPara la valoraci\u00f3n de todas y cada una de las candidaturas, y de los futuros procesos, se ha tomado\/tomar\u00e1 como fundamento lo especificado en:<\/p>\n<p><strong><a href=\"https:\/\/drive.google.com\/file\/d\/0B1OuMDhtNMGOcVB5ZUQyQ2d5a0U\/view\">Bases generales<\/a><\/strong><br \/>\n<strong><a href=\"https:\/\/drive.google.com\/file\/d\/0B2jqJniZNa7HTjFvSTlGT3YtcWc\/view\">Perfil singular<\/a><\/strong><\/p>\n<h3>Puede ver <a href=\"https:\/\/drive.google.com\/open?id=0B2jqJniZNa7HWE1iTFR2WjJhd3c\">listado definitivo\u00a0aqu\u00ed.<\/a><\/h3>\n<p>La siguiente fase del proceso de selecci\u00f3n tendr\u00e1 lugar pr\u00f3ximamente.<\/p>\n","protected":false},"excerpt":{"rendered":"<p>Finalizado el periodo de alegaciones, se presentan los primeros listados definitivos de aceptados\/as y excluidos\/as de la convocatoria. Para la valoraci\u00f3n de todas y cada una de las candidaturas, y de los futuros procesos, se ha tomado\/tomar\u00e1 como fundamento lo especificado en: Bases generales Perfil singular Puede ver listado definitivo\u00a0aqu\u00ed. La siguiente fase del proceso&#8230;<\/p>\n","protected":false},"author":3,"featured_media":38240,"comment_status":"closed","ping_status":"closed","sticky":false,"template":"","format":"standard","meta":{"footnotes":""},"categories":[232],"tags":[],"featured_image_thumbnail_url":"https:\/\/fg.ull.es\/noticias\/wp-content\/uploads\/sites\/2\/2018\/08\/cabecera-noticia-empleo-Periodismo-300x157.png","_links":{"self":[{"href":"https:\/\/fg.ull.es\/noticias\/wp-json\/wp\/v2\/posts\/38239"}],"collection":[{"href":"https:\/\/fg.ull.es\/noticias\/wp-json\/wp\/v2\/posts"}],"about":[{"href":"https:\/\/fg.ull.es\/noticias\/wp-json\/wp\/v2\/types\/post"}],"author":[{"embeddable":true,"href":"https:\/\/fg.ull.es\/noticias\/wp-json\/wp\/v2\/users\/3"}],"replies":[{"embeddable":true,"href":"https:\/\/fg.ull.es\/noticias\/wp-json\/wp\/v2\/comments?post=38239"}],"version-history":[{"count":2,"href":"https:\/\/fg.ull.es\/noticias\/wp-json\/wp\/v2\/posts\/38239\/revisions"}],"predecessor-version":[{"id":38242,"href":"https:\/\/fg.ull.es\/noticias\/wp-json\/wp\/v2\/posts\/38239\/revisions\/38242"}],"wp:featuredmedia":[{"embeddable":true,"href":"https:\/\/fg.ull.es\/noticias\/wp-json\/wp\/v2\/media\/38240"}],"wp:attachment":[{"href":"https:\/\/fg.ull.es\/noticias\/wp-json\/wp\/v2\/media?parent=38239"}],"wp:term":[{"taxonomy":"category","embeddable":true,"href":"https:\/\/fg.ull.es\/noticias\/wp-json\/wp\/v2\/categories?post=38239"},{"taxonomy":"post_tag","embeddable":true,"href":"https:\/\/fg.ull.es\/noticias\/wp-json\/wp\/v2\/tags?post=38239"}],"curies":[{"name":"wp","href":"https:\/\/api.w.org\/{rel}","templated":true}]}}