{"id":38227,"date":"2018-08-29T16:27:40","date_gmt":"2018-08-29T15:27:40","guid":{"rendered":"https:\/\/fg.ull.es\/noticias\/?p=38227"},"modified":"2018-08-30T08:49:12","modified_gmt":"2018-08-30T07:49:12","slug":"convocatoria-de-seleccion-de-personal-para-participar-en-el-proyecto-barrios-por-el-empleo-juntos-mas-fuertes-2018bde020-2018bde021","status":"publish","type":"post","link":"https:\/\/fg.ull.es\/noticias\/2018\/08\/29\/convocatoria-de-seleccion-de-personal-para-participar-en-el-proyecto-barrios-por-el-empleo-juntos-mas-fuertes-2018bde020-2018bde021\/","title":{"rendered":"Convocatoria de selecci\u00f3n de personal para participar en el proyecto \u201cBarrios por el empleo: Juntos m\u00e1s fuertes\u201d (2018BDE020 \u2013 2018BDE021)"},"content":{"rendered":"<p>Desde hoy y hasta el pr\u00f3ximo 5 de septiembre de 2018, ambos inclusive, estar\u00e1 abierto el periodo de inscripci\u00f3n del proceso de selecci\u00f3n de t\u00e9cnicos de orientaci\u00f3n y prospecci\u00f3n para participar en el proyecto \u201c<em>Barrios por el empleo: Juntos m\u00e1s fuertes<\/em>\u201d<\/p>\n<p>Tras la extinci\u00f3n de las bolsas 2018BDE011 y 2018BDE012 se abre una nueva convocatoria de selecci\u00f3n de personal experto en orientaci\u00f3n y prospecci\u00f3n laboral para participar en el mencionado proyecto. Las personas interesadas en participar en el proceso de selecci\u00f3n, deben cumplir con lo expuesto en las bases generales y en los perfiles singulares de las convocatorias.<\/p>\n<p><strong>\u00a0<\/strong><strong>Perfil T\u00e9cnico\/a de ORIENTACI\u00d3N para la mejora de la empleabilidad (2018BDE020)<\/strong>:<\/p>\n<p><u>Requisitos M\u00ednimos<\/u>:<\/p>\n<ul>\n<li>R.1 Ser graduado\/a, diplomado\/a o licenciado\/a universitario\/a.<\/li>\n<li>R.2 Experiencia profesional acreditada como t\u00e9cnico\/a de empleo en proyectos de empleo dirigidos espec\u00edficamente a personas en situaci\u00f3n de exclusi\u00f3n social o en riesgo de padecerla, de al menos 12 meses.<\/li>\n<\/ul>\n<p><u>Baremables (1\u00aa fase):<\/u><\/p>\n<ol>\n<li>Formaci\u00f3n en materia de empleo<\/li>\n<li>Formaci\u00f3n en intervenci\u00f3n social<\/li>\n<li>Formaci\u00f3n en metodolog\u00edas did\u00e1cticas<\/li>\n<li>Experiencia profesional en proyectos de participaci\u00f3n ciudadana y\/o dinamizaci\u00f3n comunitaria<\/li>\n<li>Experiencia profesional como t\u00e9cnico\/a de empleo en proyectos de empleo dirigidos espec\u00edficamente a personas en exclusi\u00f3n social o en riesgo de padecerla<\/li>\n<\/ol>\n<p>Para la inscripci\u00f3n es totalmente necesario el cumplimiento de los requisitos expuestos en las bases que se presentan a continuaci\u00f3n:<\/p>\n<ul>\n<li><a href=\"https:\/\/drive.google.com\/file\/d\/1Bly9FfUecctF7PLnPEU3GxuqG8R0KgqL\/view?usp=sharing\" target=\"_blank\" rel=\"noopener\">Bases Generales<\/a><\/li>\n<li><a href=\"https:\/\/drive.google.com\/file\/d\/1wfyF3CxFRJ5Zd1XoqZ_UQtjlXFJore4T\/view?usp=sharing\" target=\"_blank\" rel=\"noopener\">Perfil Singular 2018BDE020 \u2013 Orientaci\u00f3n<\/a><\/li>\n<li>Anexo I 2018BDE020 \u2013 Orientaci\u00f3n (<a href=\"https:\/\/drive.google.com\/file\/d\/1XioIVKHEAsPYcZyFLVI1l_8StnHRdrDf\/view?usp=sharing\" target=\"_blank\" rel=\"noopener\">doc<\/a>, <a href=\"https:\/\/drive.google.com\/file\/d\/17e-aiu1a6jFMN7PvGgc87XpUAd1CiJjF\/view?usp=sharing\" target=\"_blank\" rel=\"noopener\">pdf<\/a>, <a href=\"https:\/\/drive.google.com\/file\/d\/1PPudkdCRnfKDdAx0atL2eL6w7gqXYuuH\/view?usp=sharing\" target=\"_blank\" rel=\"noopener\">odt<\/a>)<\/li>\n<\/ul>\n<p>Puedes inscribirte <a href=\"https:\/\/sede.fg.ull.es\/es\/empleo\/detalle\/a18120005\/fundacion-general-de-la-universidad-de-la-laguna-agencia-universitaria-de-innovacion\" target=\"_blank\" rel=\"noopener\">aqu\u00ed<\/a><\/p>\n<hr \/>\n<p><strong>Perfil T\u00e9cnico\/a de PROSPECCI\u00d3N para la mejora de la empleabilidad (2018BDE021)<\/strong>:<\/p>\n<p><u>Requisitos M\u00ednimos: <\/u><\/p>\n<ul>\n<li>R.1 Ser graduado\/a, diplomado\/a o licenciado\/a universitario\/a.<\/li>\n<li>R2. Experiencia profesional acreditada en proyectos de empleo dirigidos espec\u00edficamente a personas en situaci\u00f3n de exclusi\u00f3n social o en riesgo de padecerla, desempe\u00f1ando tareas de dinamizaci\u00f3n y\/o prospecci\u00f3n empresarial, de al menos 6 meses.<\/li>\n<\/ul>\n<p><u>Baremables (1\u00aa fase):<\/u><\/p>\n<ol>\n<li>Formaci\u00f3n en materia de empleo<\/li>\n<li>Formaci\u00f3n en intervenci\u00f3n social<\/li>\n<li>Formaci\u00f3n en emprendimiento empresarial<\/li>\n<li>Experiencia profesional en proyectos de participaci\u00f3n ciudadana y\/o dinamizaci\u00f3n comunitaria<\/li>\n<li>Experiencia profesional como t\u00e9cnico\/a de empleo en proyectos de empleo dirigidos espec\u00edficamente a personas en exclusi\u00f3n social o en riesgo de padecerla<\/li>\n<\/ol>\n<p>Para la inscripci\u00f3n es totalmente necesario el cumplimiento de los requisitos expuestos en las bases que se presentan a continuaci\u00f3n:<\/p>\n<ul>\n<li><a href=\"https:\/\/drive.google.com\/file\/d\/1Bly9FfUecctF7PLnPEU3GxuqG8R0KgqL\/view?usp=sharing\" target=\"_blank\" rel=\"noopener\">Bases Generales<\/a><\/li>\n<li><a href=\"https:\/\/drive.google.com\/file\/d\/1zYEyDgj1CnxqlM0SMHpwaO9ns1aEKx2R\/view?usp=sharing\" target=\"_blank\" rel=\"noopener\">Perfil Singular 2018BDE021 \u2013 Prospecci\u00f3n<\/a><\/li>\n<li>Anexo I 2018BDE021 \u2013 Prospecci\u00f3n (<a href=\"https:\/\/drive.google.com\/file\/d\/1BwBdQ4jsLOXlmKlVVIDV1VPa-kX_3Hbj\/view?usp=sharing\" target=\"_blank\" rel=\"noopener\">doc<\/a>, <a href=\"https:\/\/drive.google.com\/file\/d\/104VQ0Hk7pDU5va987-d0MshWcUejeQ_P\/view?usp=sharing\" target=\"_blank\" rel=\"noopener\">pdf<\/a>, <a href=\"https:\/\/drive.google.com\/file\/d\/1PIlmPw6RHoTCtt2j-rJJsu3w3uNw5Kba\/view?usp=sharing\" target=\"_blank\" rel=\"noopener\">odt<\/a>)<\/li>\n<\/ul>\n<p>Puedes inscribirte <a href=\"https:\/\/sede.fg.ull.es\/es\/empleo\/detalle\/a18120005\/fundacion-general-de-la-universidad-de-la-laguna-agencia-universitaria-de-innovacion\" target=\"_blank\" rel=\"noopener\">aqu\u00ed<\/a>.<\/p>\n","protected":false},"excerpt":{"rendered":"<p>Desde hoy y hasta el pr\u00f3ximo 5 de septiembre de 2018, ambos inclusive, estar\u00e1 abierto el periodo de inscripci\u00f3n del proceso de selecci\u00f3n de t\u00e9cnicos de orientaci\u00f3n y prospecci\u00f3n para participar en el proyecto \u201cBarrios por el empleo: Juntos m\u00e1s fuertes\u201d Tras la extinci\u00f3n de las bolsas 2018BDE011 y 2018BDE012 se abre una nueva convocatoria&#8230;<\/p>\n","protected":false},"author":5,"featured_media":0,"comment_status":"closed","ping_status":"closed","sticky":false,"template":"","format":"standard","meta":{"footnotes":""},"categories":[52,232],"tags":[98,44],"featured_image_thumbnail_url":null,"_links":{"self":[{"href":"https:\/\/fg.ull.es\/noticias\/wp-json\/wp\/v2\/posts\/38227"}],"collection":[{"href":"https:\/\/fg.ull.es\/noticias\/wp-json\/wp\/v2\/posts"}],"about":[{"href":"https:\/\/fg.ull.es\/noticias\/wp-json\/wp\/v2\/types\/post"}],"author":[{"embeddable":true,"href":"https:\/\/fg.ull.es\/noticias\/wp-json\/wp\/v2\/users\/5"}],"replies":[{"embeddable":true,"href":"https:\/\/fg.ull.es\/noticias\/wp-json\/wp\/v2\/comments?post=38227"}],"version-history":[{"count":2,"href":"https:\/\/fg.ull.es\/noticias\/wp-json\/wp\/v2\/posts\/38227\/revisions"}],"predecessor-version":[{"id":38229,"href":"https:\/\/fg.ull.es\/noticias\/wp-json\/wp\/v2\/posts\/38227\/revisions\/38229"}],"wp:attachment":[{"href":"https:\/\/fg.ull.es\/noticias\/wp-json\/wp\/v2\/media?parent=38227"}],"wp:term":[{"taxonomy":"category","embeddable":true,"href":"https:\/\/fg.ull.es\/noticias\/wp-json\/wp\/v2\/categories?post=38227"},{"taxonomy":"post_tag","embeddable":true,"href":"https:\/\/fg.ull.es\/noticias\/wp-json\/wp\/v2\/tags?post=38227"}],"curies":[{"name":"wp","href":"https:\/\/api.w.org\/{rel}","templated":true}]}}