{"id":38016,"date":"2018-07-20T14:31:40","date_gmt":"2018-07-20T13:31:40","guid":{"rendered":"https:\/\/fg.ull.es\/noticias\/?p=38016"},"modified":"2018-07-20T14:37:56","modified_gmt":"2018-07-20T13:37:56","slug":"primer-listado-provisional-de-la-seleccion-de-personal-tecnico-para-desarrollo-de-actividades-en-el-ambito-de-la-en-la-encomienda-de-gestion-de-apoyo-a-las-tareas-del-gabinete-de-comunicacion","status":"publish","type":"post","link":"https:\/\/fg.ull.es\/noticias\/2018\/07\/20\/primer-listado-provisional-de-la-seleccion-de-personal-tecnico-para-desarrollo-de-actividades-en-el-ambito-de-la-en-la-encomienda-de-gestion-de-apoyo-a-las-tareas-del-gabinete-de-comunicacion\/","title":{"rendered":"Primer listado provisional de la selecci\u00f3n de Personal t\u00e9cnico para desarrollo de actividades en el \u00e1mbito de la en la encomienda de gesti\u00f3n de apoyo a las tareas del gabinete de comunicaci\u00f3n \u2013 2018BDE017"},"content":{"rendered":"<section class=\"wpb-content-wrapper\"><p>[vc_row][vc_column][vc_column_text]<\/p>\n<h4>El periodo de reclamaci\u00f3n se inicia el\u00a0d\u00eda \u00a020\/07\/2018 a las 15:00 horas \u00a0y finaliza el pr\u00f3ximo 25\/07\/2018 a las 23:59 horas.<\/h4>\n<p>A partir de este momento, comienza el periodo de alegaciones que, en ning\u00fan caso, ser\u00e1 periodo de subsanaci\u00f3n de documentaci\u00f3n.<\/p>\n<p>Finalizado \u00e9ste, a las 23:59 horas del 25 de julio de 2018, y resueltas \u00e9stas, se proceder\u00e1 a publicar el primer listado definitivo.<\/p>\n<p>Las alegaciones \u00fanica y exclusivamente se podr\u00e1n presentar telem\u00e1ticamente al correo electr\u00f3nico seleccion@fg.ull.es y utilizando el siguiente documento normalizado: <a href=\"https:\/\/drive.google.com\/file\/d\/0Bw3NGKR8uBCOc1ZNVzZGNUtDa28\/view\">documento de alegaciones<\/a>.[\/vc_column_text][vc_message]Advertido un error en la puntuaci\u00f3n del m\u00e9rito M2.5, se ha procedido a indicar que su valor es de 10 puntos , y no con 15 puntos como figuraba en la convocatoria, puesto que la suma de los m\u00e9ritos M2.1. al M2.5 no puede superar el valor de 60 puntos.<\/p>\n<p>Las valoraciones de los candidatos se ha hecho con este criterio.[\/vc_message][vc_empty_space][\/vc_column][\/vc_row][vc_row][vc_column width=&#8221;1\/2&#8243;][vc_column_text]<\/p>\n<h4>Bases generales<\/h4>\n<p>[\/vc_column_text][\/vc_column][vc_column width=&#8221;1\/2&#8243;][vc_btn title=&#8221;Descargar Bases Generales&#8221; style=&#8221;custom&#8221; custom_background=&#8221;#c2185b&#8221; custom_text=&#8221;#ffffff&#8221; shape=&#8221;square&#8221; align=&#8221;center&#8221; i_align=&#8221;right&#8221; i_icon_fontawesome=&#8221;fa fa-arrow-circle-o-down&#8221; button_block=&#8221;true&#8221; add_icon=&#8221;true&#8221; link=&#8221;url:https%3A%2F%2Fdrive.google.com%2Ffile%2Fd%2F0B1OuMDhtNMGOcVB5ZUQyQ2d5a0U%2Fview%3Fusp%3Dsharing|||&#8221;][\/vc_column][\/vc_row][vc_row][vc_column][vc_separator][\/vc_column][\/vc_row][vc_row][vc_column width=&#8221;1\/2&#8243;][vc_column_text]<\/p>\n<h4>Perfil singular<\/h4>\n<p>[\/vc_column_text][\/vc_column][vc_column width=&#8221;1\/2&#8243;][vc_btn title=&#8221;Descargar Perfil Singular&#8221; style=&#8221;custom&#8221; custom_background=&#8221;#c2185b&#8221; custom_text=&#8221;#ffffff&#8221; shape=&#8221;square&#8221; align=&#8221;center&#8221; i_align=&#8221;right&#8221; i_icon_fontawesome=&#8221;fa fa-file-pdf-o&#8221; button_block=&#8221;true&#8221; add_icon=&#8221;true&#8221; link=&#8221;url:https%3A%2F%2Fdrive.google.com%2Ffile%2Fd%2F0B2jqJniZNa7HTjFvSTlGT3YtcWc%2Fview|||&#8221;][\/vc_column][\/vc_row][vc_row][vc_column][vc_separator][\/vc_column][\/vc_row][vc_row][vc_column width=&#8221;2\/4&#8243;][vc_column_text]<\/p>\n<h4>Anexo R.<\/h4>\n<h4>Documento de alegaciones<\/h4>\n<p>[\/vc_column_text][\/vc_column][vc_column width=&#8221;1\/4&#8243;][\/vc_column][vc_column width=&#8221;1\/4&#8243;][vc_btn title=&#8221;(Docx)&#8221; shape=&#8221;square&#8221; color=&#8221;inverse&#8221; align=&#8221;center&#8221; i_align=&#8221;right&#8221; i_icon_fontawesome=&#8221;fa fa-file-word-o&#8221; button_block=&#8221;true&#8221; add_icon=&#8221;true&#8221; link=&#8221;url:https%3A%2F%2Fdrive.google.com%2Ffile%2Fd%2F0Bw3NGKR8uBCOc1ZNVzZGNUtDa28%2Fview|||&#8221;][\/vc_column][\/vc_row][vc_row][vc_column][vc_separator][\/vc_column][\/vc_row][vc_row][vc_column width=&#8221;1\/2&#8243;][vc_column_text]<\/p>\n<h4><strong>Descargar listado provisional:<\/strong><\/h4>\n<p>[\/vc_column_text][\/vc_column][vc_column width=&#8221;1\/2&#8243;][vc_btn title=&#8221;Descargar aqu\u00ed &#8221; style=&#8221;custom&#8221; custom_background=&#8221;#d800a2&#8243; custom_text=&#8221;#ffffff&#8221; shape=&#8221;square&#8221; size=&#8221;lg&#8221; align=&#8221;center&#8221; i_align=&#8221;right&#8221; i_icon_fontawesome=&#8221;fa fa-plus-circle&#8221; button_block=&#8221;true&#8221; add_icon=&#8221;true&#8221; link=&#8221;url:https%3A%2F%2Fdrive.google.com%2Ffile%2Fd%2F0B2jqJniZNa7HUTg4aWdQdUh5Vms%2Fview|||&#8221;][\/vc_column][\/vc_row]<\/p>\n<\/section>","protected":false},"excerpt":{"rendered":"<p>[vc_row][vc_column][vc_column_text] El periodo de reclamaci\u00f3n se inicia el\u00a0d\u00eda \u00a020\/07\/2018 a las 15:00 horas \u00a0y finaliza el pr\u00f3ximo 25\/07\/2018 a las 23:59 horas. A partir de este momento, comienza el periodo de alegaciones que, en ning\u00fan caso, ser\u00e1 periodo de subsanaci\u00f3n de documentaci\u00f3n. Finalizado \u00e9ste, a las 23:59 horas del 25 de julio de 2018, y&#8230;<\/p>\n","protected":false},"author":1,"featured_media":37800,"comment_status":"closed","ping_status":"closed","sticky":false,"template":"","format":"standard","meta":{"footnotes":""},"categories":[52,232],"tags":[],"featured_image_thumbnail_url":"https:\/\/fg.ull.es\/noticias\/wp-content\/uploads\/sites\/2\/2018\/07\/cabecera-noticia-empleo-Periodismo-300x157.png","_links":{"self":[{"href":"https:\/\/fg.ull.es\/noticias\/wp-json\/wp\/v2\/posts\/38016"}],"collection":[{"href":"https:\/\/fg.ull.es\/noticias\/wp-json\/wp\/v2\/posts"}],"about":[{"href":"https:\/\/fg.ull.es\/noticias\/wp-json\/wp\/v2\/types\/post"}],"author":[{"embeddable":true,"href":"https:\/\/fg.ull.es\/noticias\/wp-json\/wp\/v2\/users\/1"}],"replies":[{"embeddable":true,"href":"https:\/\/fg.ull.es\/noticias\/wp-json\/wp\/v2\/comments?post=38016"}],"version-history":[{"count":4,"href":"https:\/\/fg.ull.es\/noticias\/wp-json\/wp\/v2\/posts\/38016\/revisions"}],"predecessor-version":[{"id":38020,"href":"https:\/\/fg.ull.es\/noticias\/wp-json\/wp\/v2\/posts\/38016\/revisions\/38020"}],"wp:featuredmedia":[{"embeddable":true,"href":"https:\/\/fg.ull.es\/noticias\/wp-json\/wp\/v2\/media\/37800"}],"wp:attachment":[{"href":"https:\/\/fg.ull.es\/noticias\/wp-json\/wp\/v2\/media?parent=38016"}],"wp:term":[{"taxonomy":"category","embeddable":true,"href":"https:\/\/fg.ull.es\/noticias\/wp-json\/wp\/v2\/categories?post=38016"},{"taxonomy":"post_tag","embeddable":true,"href":"https:\/\/fg.ull.es\/noticias\/wp-json\/wp\/v2\/tags?post=38016"}],"curies":[{"name":"wp","href":"https:\/\/api.w.org\/{rel}","templated":true}]}}