{"id":38014,"date":"2018-07-20T14:16:42","date_gmt":"2018-07-20T13:16:42","guid":{"rendered":"https:\/\/fg.ull.es\/noticias\/?p=38014"},"modified":"2018-07-20T14:16:42","modified_gmt":"2018-07-20T13:16:42","slug":"segundo-listado-definitivo-de-seleccion-de-personal-para-conformar-una-bolsa-de-empleo-de-tecnico-a-de-divulgacion-cientifica-especialidad-fomento-de-las-vocaciones-cientificas-entre-el-alum","status":"publish","type":"post","link":"https:\/\/fg.ull.es\/noticias\/2018\/07\/20\/segundo-listado-definitivo-de-seleccion-de-personal-para-conformar-una-bolsa-de-empleo-de-tecnico-a-de-divulgacion-cientifica-especialidad-fomento-de-las-vocaciones-cientificas-entre-el-alum\/","title":{"rendered":"Segundo listado definitivo de selecci\u00f3n de personal para conformar una bolsa de empleo de \u201cT\u00e9cnico\/a de divulgaci\u00f3n cient\u00edfica, especialidad fomento de las vocaciones cient\u00edficas entre el alumnado escolar\u201d (2018BDE015)"},"content":{"rendered":"<h4>A continuaci\u00f3n, se presenta el segundo listado definitivo de aceptados\/as de la convocatoria de selecci\u00f3n de personal para conformar una bolsa de empleo para participar en el proyecto \u201cT\u00e9cnico\/a de divulgaci\u00f3n cient\u00edfica, especialidad fomento de las vocaciones cient\u00edficas entre el alumnado escolar\u201d.<\/h4>\n<p>Finalizado el periodo de alegaciones se procede a publicar el listado definitivo con las personas que conforman la bolsa para participar en el mencionado proyecto.<\/p>\n<p>Para la valoraci\u00f3n de todas y cada una de las candidaturas, y de los futuros procesos, se ha tomado\/tomar\u00e1 como fundamento lo especificado en:<\/p>\n<ul>\n<li><a href=\"https:\/\/drive.google.com\/open?id=17wqyVHGpe2KO3x5mpjg3rxDGfo2A8DPM\" target=\"_blank\" rel=\"noopener\">Bases generales<\/a><\/li>\n<li><a href=\"https:\/\/drive.google.com\/file\/d\/1FqdkUihKpKtpAe-ccb9PfMlW4NFdfkeM\/view\" target=\"_blank\" rel=\"noopener\">Perfil singular<\/a><\/li>\n<\/ul>\n<p>Puede consultar el listado definitivo <a href=\"https:\/\/drive.google.com\/open?id=1IvZWY1Hrmi3egdEmIyudZ4nCQAElICWy\" target=\"_blank\" rel=\"noopener\">aqu\u00ed<\/a>.<\/p>\n","protected":false},"excerpt":{"rendered":"<p>A continuaci\u00f3n, se presenta el segundo listado definitivo de aceptados\/as de la convocatoria de selecci\u00f3n de personal para conformar una bolsa de empleo para participar en el proyecto \u201cT\u00e9cnico\/a de divulgaci\u00f3n cient\u00edfica, especialidad fomento de las vocaciones cient\u00edficas entre el alumnado escolar\u201d. Finalizado el periodo de alegaciones se procede a publicar el listado definitivo con&#8230;<\/p>\n","protected":false},"author":5,"featured_media":0,"comment_status":"closed","ping_status":"closed","sticky":false,"template":"","format":"standard","meta":{"footnotes":""},"categories":[52,232],"tags":[26,98,44],"featured_image_thumbnail_url":null,"_links":{"self":[{"href":"https:\/\/fg.ull.es\/noticias\/wp-json\/wp\/v2\/posts\/38014"}],"collection":[{"href":"https:\/\/fg.ull.es\/noticias\/wp-json\/wp\/v2\/posts"}],"about":[{"href":"https:\/\/fg.ull.es\/noticias\/wp-json\/wp\/v2\/types\/post"}],"author":[{"embeddable":true,"href":"https:\/\/fg.ull.es\/noticias\/wp-json\/wp\/v2\/users\/5"}],"replies":[{"embeddable":true,"href":"https:\/\/fg.ull.es\/noticias\/wp-json\/wp\/v2\/comments?post=38014"}],"version-history":[{"count":1,"href":"https:\/\/fg.ull.es\/noticias\/wp-json\/wp\/v2\/posts\/38014\/revisions"}],"predecessor-version":[{"id":38015,"href":"https:\/\/fg.ull.es\/noticias\/wp-json\/wp\/v2\/posts\/38014\/revisions\/38015"}],"wp:attachment":[{"href":"https:\/\/fg.ull.es\/noticias\/wp-json\/wp\/v2\/media?parent=38014"}],"wp:term":[{"taxonomy":"category","embeddable":true,"href":"https:\/\/fg.ull.es\/noticias\/wp-json\/wp\/v2\/categories?post=38014"},{"taxonomy":"post_tag","embeddable":true,"href":"https:\/\/fg.ull.es\/noticias\/wp-json\/wp\/v2\/tags?post=38014"}],"curies":[{"name":"wp","href":"https:\/\/api.w.org\/{rel}","templated":true}]}}