{"id":37953,"date":"2018-07-16T14:42:07","date_gmt":"2018-07-16T13:42:07","guid":{"rendered":"https:\/\/fg.ull.es\/noticias\/?p=37953"},"modified":"2018-07-16T14:42:07","modified_gmt":"2018-07-16T13:42:07","slug":"segundo-listado-provisional-de-seleccion-de-personal-para-conformar-una-bolsa-de-empleo-de-tecnico-a-de-divulgacion-cientifica-especialidad-fomento-de-las-vocaciones-cientificas-entre-el-alu","status":"publish","type":"post","link":"https:\/\/fg.ull.es\/noticias\/2018\/07\/16\/segundo-listado-provisional-de-seleccion-de-personal-para-conformar-una-bolsa-de-empleo-de-tecnico-a-de-divulgacion-cientifica-especialidad-fomento-de-las-vocaciones-cientificas-entre-el-alu\/","title":{"rendered":"Segundo listado provisional de selecci\u00f3n de personal para conformar una bolsa de empleo de \u201cT\u00e9cnico\/a de divulgaci\u00f3n cient\u00edfica, especialidad fomento de las vocaciones cient\u00edficas entre el alumnado escolar\u201d (2018BDE015)"},"content":{"rendered":"<h4>A continuaci\u00f3n, se presenta el segundo listado provisional de aceptados\/as y excluidos\/as de la convocatoria de selecci\u00f3n de personal para conformar una bolsa de empleo de \u201cT\u00e9cnico\/a de divulgaci\u00f3n cient\u00edfica, especialidad fomento de las vocaciones cient\u00edficas entre el alumnado escolar\u201d<\/h4>\n<p>A partir de este momento, comienza el periodo de alegaciones que, en ning\u00fan caso, ser\u00e1 periodo de subsanaci\u00f3n de documentaci\u00f3n. Finalizado \u00e9ste, a las 23:59 horas del 19 de julio de 2018, y resueltas \u00e9stas, se proceder\u00e1n a publicar el segundo listado definitivo.<\/p>\n<p>Las alegaciones \u00fanica y exclusivamente se podr\u00e1n presentar telem\u00e1ticamente al correo electr\u00f3nico seleccion@fg.ull.es y utilizando el siguiente documento normalizado: documento de alegaciones (<a href=\"https:\/\/drive.google.com\/file\/d\/1AjQ2_QoJh8y4Wk4pXTFHDmMWWJDjdPWj\/view\" target=\"_blank\" rel=\"noopener\">WORD<\/a>,\u00a0<a href=\"https:\/\/drive.google.com\/file\/d\/1DuuuV1M41CdeChfBIGuGTkTBnbaMQ-a0\/view\" target=\"_blank\" rel=\"noopener\">PDF<\/a>,\u00a0<a href=\"https:\/\/drive.google.com\/file\/d\/1ojwPeI6mI3VqEui-FawdtsWLyRuXbPJp\/view\" target=\"_blank\" rel=\"noopener\">ODT<\/a>).<\/p>\n<p>Para la valoraci\u00f3n de todas y cada una de las candidaturas, y de los futuros procesos, se ha tomado\/tomar\u00e1 como fundamento lo especificado en:<\/p>\n<ul>\n<li><a href=\"https:\/\/drive.google.com\/open?id=17wqyVHGpe2KO3x5mpjg3rxDGfo2A8DPM\" target=\"_blank\" rel=\"noopener\">Bases generales<\/a><\/li>\n<li><a href=\"https:\/\/drive.google.com\/file\/d\/1FqdkUihKpKtpAe-ccb9PfMlW4NFdfkeM\/view\" target=\"_blank\" rel=\"noopener\">Perfil singular<\/a><\/li>\n<\/ul>\n<p>Puede ver el segundo listado provisional <a href=\"https:\/\/drive.google.com\/open?id=1f-l7WyeqMd10ClIFqOur_CJmFde5J5en\" target=\"_blank\" rel=\"noopener\">aqu\u00ed<\/a>.<\/p>\n","protected":false},"excerpt":{"rendered":"<p>A continuaci\u00f3n, se presenta el segundo listado provisional de aceptados\/as y excluidos\/as de la convocatoria de selecci\u00f3n de personal para conformar una bolsa de empleo de \u201cT\u00e9cnico\/a de divulgaci\u00f3n cient\u00edfica, especialidad fomento de las vocaciones cient\u00edficas entre el alumnado escolar\u201d A partir de este momento, comienza el periodo de alegaciones que, en ning\u00fan caso, ser\u00e1&#8230;<\/p>\n","protected":false},"author":5,"featured_media":0,"comment_status":"closed","ping_status":"closed","sticky":false,"template":"","format":"standard","meta":{"footnotes":""},"categories":[52,232],"tags":[98,44],"featured_image_thumbnail_url":null,"_links":{"self":[{"href":"https:\/\/fg.ull.es\/noticias\/wp-json\/wp\/v2\/posts\/37953"}],"collection":[{"href":"https:\/\/fg.ull.es\/noticias\/wp-json\/wp\/v2\/posts"}],"about":[{"href":"https:\/\/fg.ull.es\/noticias\/wp-json\/wp\/v2\/types\/post"}],"author":[{"embeddable":true,"href":"https:\/\/fg.ull.es\/noticias\/wp-json\/wp\/v2\/users\/5"}],"replies":[{"embeddable":true,"href":"https:\/\/fg.ull.es\/noticias\/wp-json\/wp\/v2\/comments?post=37953"}],"version-history":[{"count":1,"href":"https:\/\/fg.ull.es\/noticias\/wp-json\/wp\/v2\/posts\/37953\/revisions"}],"predecessor-version":[{"id":37954,"href":"https:\/\/fg.ull.es\/noticias\/wp-json\/wp\/v2\/posts\/37953\/revisions\/37954"}],"wp:attachment":[{"href":"https:\/\/fg.ull.es\/noticias\/wp-json\/wp\/v2\/media?parent=37953"}],"wp:term":[{"taxonomy":"category","embeddable":true,"href":"https:\/\/fg.ull.es\/noticias\/wp-json\/wp\/v2\/categories?post=37953"},{"taxonomy":"post_tag","embeddable":true,"href":"https:\/\/fg.ull.es\/noticias\/wp-json\/wp\/v2\/tags?post=37953"}],"curies":[{"name":"wp","href":"https:\/\/api.w.org\/{rel}","templated":true}]}}