{"id":37918,"date":"2018-07-13T09:48:15","date_gmt":"2018-07-13T08:48:15","guid":{"rendered":"https:\/\/fg.ull.es\/noticias\/?p=37918"},"modified":"2018-07-13T09:48:44","modified_gmt":"2018-07-13T08:48:44","slug":"primer-listado-definitivo-de-la-convocatoria-de-seleccion-de-una-beca-formativa-de-investigacion-para-participar-en-el-proyecto-desarrollo-social-y-cientifico-de-la-mediacion","status":"publish","type":"post","link":"https:\/\/fg.ull.es\/noticias\/2018\/07\/13\/primer-listado-definitivo-de-la-convocatoria-de-seleccion-de-una-beca-formativa-de-investigacion-para-participar-en-el-proyecto-desarrollo-social-y-cientifico-de-la-mediacion\/","title":{"rendered":"Primer listado definitivo de la convocatoria de selecci\u00f3n de una beca formativa de investigaci\u00f3n para participar en el proyecto \u201cDesarrollo social y cient\u00edfico de la mediaci\u00f3n\u201d."},"content":{"rendered":"<h4>Finalizado el periodo de alegaciones, se presentan los primeros listados definitivos de aceptados\/as y excluidos\/as de la convocatoria.<\/h4>\n<p>Para la valoraci\u00f3n de todas y cada una de las candidaturas, y de los futuros procesos, se ha tomado\/tomar\u00e1 como fundamento lo especificado en:<\/p>\n<ul>\n<li><a href=\"https:\/\/drive.google.com\/open?id=0Bw3NGKR8uBCOWnRsUFN6bVcyODg\" target=\"_blank\" rel=\"noopener\">Bases generales<\/a><\/li>\n<li><a href=\"https:\/\/drive.google.com\/open?id=17Moo5mN9kPuWh-4bmY_hOVq9q5QB3KU6\" target=\"_blank\" rel=\"noopener\">Perfil singular<\/a><\/li>\n<\/ul>\n<p>Puede ver listado definitivo\u00a0<a href=\"https:\/\/drive.google.com\/open?id=14kxnKKDpeOvF5FNdMIfp6e3HFK17uYoQ\" target=\"_blank\" rel=\"noopener\">aqu\u00ed<\/a>.<\/p>\n<p>La siguiente fase del proceso de selecci\u00f3n tendr\u00e1 lugar pr\u00f3ximamente.<\/p>\n","protected":false},"excerpt":{"rendered":"<p>Finalizado el periodo de alegaciones, se presentan los primeros listados definitivos de aceptados\/as y excluidos\/as de la convocatoria. Para la valoraci\u00f3n de todas y cada una de las candidaturas, y de los futuros procesos, se ha tomado\/tomar\u00e1 como fundamento lo especificado en: Bases generales Perfil singular Puede ver listado definitivo\u00a0aqu\u00ed. La siguiente fase del proceso&#8230;<\/p>\n","protected":false},"author":5,"featured_media":0,"comment_status":"closed","ping_status":"closed","sticky":false,"template":"","format":"standard","meta":{"footnotes":""},"categories":[52,232],"tags":[],"featured_image_thumbnail_url":null,"_links":{"self":[{"href":"https:\/\/fg.ull.es\/noticias\/wp-json\/wp\/v2\/posts\/37918"}],"collection":[{"href":"https:\/\/fg.ull.es\/noticias\/wp-json\/wp\/v2\/posts"}],"about":[{"href":"https:\/\/fg.ull.es\/noticias\/wp-json\/wp\/v2\/types\/post"}],"author":[{"embeddable":true,"href":"https:\/\/fg.ull.es\/noticias\/wp-json\/wp\/v2\/users\/5"}],"replies":[{"embeddable":true,"href":"https:\/\/fg.ull.es\/noticias\/wp-json\/wp\/v2\/comments?post=37918"}],"version-history":[{"count":2,"href":"https:\/\/fg.ull.es\/noticias\/wp-json\/wp\/v2\/posts\/37918\/revisions"}],"predecessor-version":[{"id":37922,"href":"https:\/\/fg.ull.es\/noticias\/wp-json\/wp\/v2\/posts\/37918\/revisions\/37922"}],"wp:attachment":[{"href":"https:\/\/fg.ull.es\/noticias\/wp-json\/wp\/v2\/media?parent=37918"}],"wp:term":[{"taxonomy":"category","embeddable":true,"href":"https:\/\/fg.ull.es\/noticias\/wp-json\/wp\/v2\/categories?post=37918"},{"taxonomy":"post_tag","embeddable":true,"href":"https:\/\/fg.ull.es\/noticias\/wp-json\/wp\/v2\/tags?post=37918"}],"curies":[{"name":"wp","href":"https:\/\/api.w.org\/{rel}","templated":true}]}}