{"id":37901,"date":"2018-07-11T15:22:26","date_gmt":"2018-07-11T14:22:26","guid":{"rendered":"https:\/\/fg.ull.es\/noticias\/?p=37901"},"modified":"2018-07-11T15:38:58","modified_gmt":"2018-07-11T14:38:58","slug":"segundo-listado-provisional-para-la-confeccion-de-una-bolsa-de-becas-formativas-con-el-perfil-diseno-para-el-gabinete-de-comunicacion-de-la-fundacion-general-2018bdb004","status":"publish","type":"post","link":"https:\/\/fg.ull.es\/noticias\/2018\/07\/11\/segundo-listado-provisional-para-la-confeccion-de-una-bolsa-de-becas-formativas-con-el-perfil-diseno-para-el-gabinete-de-comunicacion-de-la-fundacion-general-2018bdb004\/","title":{"rendered":"Segundo listado provisional para la confecci\u00f3n de una bolsa de becas formativas con el perfil \u201cdise\u00f1o\u201d para el Gabinete de Comunicaci\u00f3n de la Fundaci\u00f3n General (2018BDB004)"},"content":{"rendered":"<section class=\"wpb-content-wrapper\"><p>[vc_row][vc_column][vc_column_text]<\/p>\n<h4>Finalizada la segunda fase del proceso selectivo se procede a publicar el segundo listado provisional de aceptados\/as para constituir una bolsa de becas formativas en el Gabinete de Comunicaci\u00f3n de la Fgull.<\/h4>\n<p>A partir de este momento comienza el periodo de eventuales alegaciones que finalizar\u00e1 el pr\u00f3ximo d\u00eda 16 de julio de 2018. Finalizado \u00e9ste y resueltas las alegaciones, se proceder\u00e1 a publicar el segundo listado definitivo con la confecci\u00f3n de la bolsa.<\/p>\n<p>Las alegaciones \u00fanica y exclusivamente se podr\u00e1n presentar telem\u00e1ticamente al correo electr\u00f3nico seleccion@fg.ull.es y utilizando el siguiente documento normalizado: documento de alegaciones\u00a0(<a href=\"https:\/\/drive.google.com\/file\/d\/1AjQ2_QoJh8y4Wk4pXTFHDmMWWJDjdPWj\/view\" target=\"_blank\" rel=\"noopener\">WORD<\/a>,\u00a0<a href=\"https:\/\/drive.google.com\/file\/d\/1DuuuV1M41CdeChfBIGuGTkTBnbaMQ-a0\/view\" target=\"_blank\" rel=\"noopener\">PDF<\/a>,\u00a0<a href=\"https:\/\/drive.google.com\/file\/d\/1ojwPeI6mI3VqEui-FawdtsWLyRuXbPJp\/view\" target=\"_blank\" rel=\"noopener\">ODT<\/a>).<\/p>\n<p>Para la valoraci\u00f3n de todas y cada una de las candidaturas, y de los futuros procesos, se ha tomado\/tomar\u00e1 como fundamento lo especificado en:<\/p>\n<p><a href=\"https:\/\/drive.google.com\/file\/d\/1XM2HGaEnRUdxbWIjPEw4uJIR1rL4gpo2\/view?usp=sharing\">Bases generales<\/a><\/p>\n<p><a href=\"https:\/\/drive.google.com\/file\/d\/1ocgREnSx_4PHp4k73EDnWe7hseqsISEf\/view\">Perfil singular<\/a>[\/vc_column_text][vc_btn title=&#8221;CONSULTA EL LISTADO AQU\u00cd&#8221; style=&#8221;classic&#8221; shape=&#8221;square&#8221; color=&#8221;danger&#8221; size=&#8221;lg&#8221; link=&#8221;url:https%3A%2F%2Fdrive.google.com%2Ffile%2Fd%2F1lRKRLqIMFHb2DUG1hLl4R7Vi4J7fVdI-%2Fview%3Fusp%3Dsharing|title:CONSULTA%20EL%20LISTADO%20AQU%C3%8D|target:%20_blank|&#8221;][\/vc_column][\/vc_row]<\/p>\n<\/section>","protected":false},"excerpt":{"rendered":"<p>[vc_row][vc_column][vc_column_text] Finalizada la segunda fase del proceso selectivo se procede a publicar el segundo listado provisional de aceptados\/as para constituir una bolsa de becas formativas en el Gabinete de Comunicaci\u00f3n de la Fgull. A partir de este momento comienza el periodo de eventuales alegaciones que finalizar\u00e1 el pr\u00f3ximo d\u00eda 16 de julio de 2018. Finalizado&#8230;<\/p>\n","protected":false},"author":3,"featured_media":0,"comment_status":"closed","ping_status":"closed","sticky":false,"template":"","format":"standard","meta":{"footnotes":""},"categories":[1157,232],"tags":[],"featured_image_thumbnail_url":null,"_links":{"self":[{"href":"https:\/\/fg.ull.es\/noticias\/wp-json\/wp\/v2\/posts\/37901"}],"collection":[{"href":"https:\/\/fg.ull.es\/noticias\/wp-json\/wp\/v2\/posts"}],"about":[{"href":"https:\/\/fg.ull.es\/noticias\/wp-json\/wp\/v2\/types\/post"}],"author":[{"embeddable":true,"href":"https:\/\/fg.ull.es\/noticias\/wp-json\/wp\/v2\/users\/3"}],"replies":[{"embeddable":true,"href":"https:\/\/fg.ull.es\/noticias\/wp-json\/wp\/v2\/comments?post=37901"}],"version-history":[{"count":4,"href":"https:\/\/fg.ull.es\/noticias\/wp-json\/wp\/v2\/posts\/37901\/revisions"}],"predecessor-version":[{"id":37905,"href":"https:\/\/fg.ull.es\/noticias\/wp-json\/wp\/v2\/posts\/37901\/revisions\/37905"}],"wp:attachment":[{"href":"https:\/\/fg.ull.es\/noticias\/wp-json\/wp\/v2\/media?parent=37901"}],"wp:term":[{"taxonomy":"category","embeddable":true,"href":"https:\/\/fg.ull.es\/noticias\/wp-json\/wp\/v2\/categories?post=37901"},{"taxonomy":"post_tag","embeddable":true,"href":"https:\/\/fg.ull.es\/noticias\/wp-json\/wp\/v2\/tags?post=37901"}],"curies":[{"name":"wp","href":"https:\/\/api.w.org\/{rel}","templated":true}]}}