{"id":37815,"date":"2018-07-06T13:42:57","date_gmt":"2018-07-06T12:42:57","guid":{"rendered":"https:\/\/fg.ull.es\/noticias\/?p=37815"},"modified":"2018-07-11T14:54:31","modified_gmt":"2018-07-11T13:54:31","slug":"primer-listado-definitivo-para-la-confeccion-de-una-bolsa-de-becas-formativas-con-el-perfil-diseno-para-el-gabinete-de-comunicacion-de-la-fundacion-general-2018bdb004","status":"publish","type":"post","link":"https:\/\/fg.ull.es\/noticias\/2018\/07\/06\/primer-listado-definitivo-para-la-confeccion-de-una-bolsa-de-becas-formativas-con-el-perfil-diseno-para-el-gabinete-de-comunicacion-de-la-fundacion-general-2018bdb004\/","title":{"rendered":"Primer listado definitivo para la confecci\u00f3n de una bolsa de becas formativas con el perfil \u201cdise\u00f1o\u201d para el Gabinete de Comunicaci\u00f3n de la Fundaci\u00f3n General (2018BDB004)"},"content":{"rendered":"<p><strong>A continuaci\u00f3n, se presenta el primer listado definitivo de aceptados\/as y excluidos\/as\u00a0para la confecci\u00f3n de una bolsa de becas formativas con el perfil \u201cdise\u00f1o\u201d para el Gabinete de Comunicaci\u00f3n de la Fundaci\u00f3n General.\u00a0<\/strong><\/p>\n<p>Puede consultar el listado a continuaci\u00f3n:<\/p>\n<p><a href=\"https:\/\/drive.google.com\/file\/d\/1tBjGMZJr3-wdt5viDGn1wTwQfwkhEYAP\/view?usp=sharing\"><strong>PRIMER LISTADO DEFINITIVO AQU\u00cd\u00a0<\/strong><\/a><\/p>\n<p>La siguiente fase del proceso de selecci\u00f3n tendr\u00e1 lugar pr\u00f3ximamente.<\/p>\n<p>Para la valoraci\u00f3n de todas y cada una de las candidaturas, y de los futuros procesos, se ha tomado\/tomar\u00e1 como fundamento lo especificado en:<\/p>\n<p><a href=\"https:\/\/drive.google.com\/file\/d\/1XM2HGaEnRUdxbWIjPEw4uJIR1rL4gpo2\/view?usp=sharing\">Bases generales<\/a><\/p>\n<p><a href=\"https:\/\/drive.google.com\/file\/d\/1ocgREnSx_4PHp4k73EDnWe7hseqsISEf\/view\">Perfil singular<\/a><\/p>\n","protected":false},"excerpt":{"rendered":"<p>A continuaci\u00f3n, se presenta el primer listado definitivo de aceptados\/as y excluidos\/as\u00a0para la confecci\u00f3n de una bolsa de becas formativas con el perfil \u201cdise\u00f1o\u201d para el Gabinete de Comunicaci\u00f3n de la Fundaci\u00f3n General.\u00a0 Puede consultar el listado a continuaci\u00f3n: PRIMER LISTADO DEFINITIVO AQU\u00cd\u00a0 La siguiente fase del proceso de selecci\u00f3n tendr\u00e1 lugar pr\u00f3ximamente. Para la&#8230;<\/p>\n","protected":false},"author":3,"featured_media":0,"comment_status":"closed","ping_status":"closed","sticky":false,"template":"","format":"standard","meta":{"footnotes":""},"categories":[232],"tags":[],"featured_image_thumbnail_url":null,"_links":{"self":[{"href":"https:\/\/fg.ull.es\/noticias\/wp-json\/wp\/v2\/posts\/37815"}],"collection":[{"href":"https:\/\/fg.ull.es\/noticias\/wp-json\/wp\/v2\/posts"}],"about":[{"href":"https:\/\/fg.ull.es\/noticias\/wp-json\/wp\/v2\/types\/post"}],"author":[{"embeddable":true,"href":"https:\/\/fg.ull.es\/noticias\/wp-json\/wp\/v2\/users\/3"}],"replies":[{"embeddable":true,"href":"https:\/\/fg.ull.es\/noticias\/wp-json\/wp\/v2\/comments?post=37815"}],"version-history":[{"count":2,"href":"https:\/\/fg.ull.es\/noticias\/wp-json\/wp\/v2\/posts\/37815\/revisions"}],"predecessor-version":[{"id":37817,"href":"https:\/\/fg.ull.es\/noticias\/wp-json\/wp\/v2\/posts\/37815\/revisions\/37817"}],"wp:attachment":[{"href":"https:\/\/fg.ull.es\/noticias\/wp-json\/wp\/v2\/media?parent=37815"}],"wp:term":[{"taxonomy":"category","embeddable":true,"href":"https:\/\/fg.ull.es\/noticias\/wp-json\/wp\/v2\/categories?post=37815"},{"taxonomy":"post_tag","embeddable":true,"href":"https:\/\/fg.ull.es\/noticias\/wp-json\/wp\/v2\/tags?post=37815"}],"curies":[{"name":"wp","href":"https:\/\/api.w.org\/{rel}","templated":true}]}}