{"id":37810,"date":"2018-07-06T12:21:33","date_gmt":"2018-07-06T11:21:33","guid":{"rendered":"https:\/\/fg.ull.es\/noticias\/?p=37810"},"modified":"2018-07-06T12:21:33","modified_gmt":"2018-07-06T11:21:33","slug":"primer-listado-definiivo-de-la-convocatoria-de-seleccion-de-personal-para-conformar-una-bolsa-de-empleo-de-tecnico-a-de-divulgacion-cientifica-especialidad-fomento-de-las-vocaciones-cientifi","status":"publish","type":"post","link":"https:\/\/fg.ull.es\/noticias\/2018\/07\/06\/primer-listado-definiivo-de-la-convocatoria-de-seleccion-de-personal-para-conformar-una-bolsa-de-empleo-de-tecnico-a-de-divulgacion-cientifica-especialidad-fomento-de-las-vocaciones-cientifi\/","title":{"rendered":"Primer listado definiivo de la convocatoria de selecci\u00f3n de personal para conformar una bolsa de empleo de \u201cT\u00e9cnico\/a de divulgaci\u00f3n cient\u00edfica, especialidad fomento de las vocaciones cient\u00edficas entre el alumnado escolar\u201d"},"content":{"rendered":"<h4>A continuaci\u00f3n, se presenta el primer listado definitivo de aceptados\/as y excluidos\/as de la convocatoria de selecci\u00f3n de personal para conformar una bolsa de empleo de \u201cT\u00e9cnico\/a de divulgaci\u00f3n cient\u00edfica, especialidad fomento de las vocaciones cient\u00edficas entre el alumnado escolar\u201d<\/h4>\n<p>Para la valoraci\u00f3n de todas y cada una de las candidaturas, y de los futuros procesos, se ha tomado\/tomar\u00e1 como fundamento lo especificado en:<\/p>\n<ul>\n<li><a href=\"https:\/\/drive.google.com\/open?id=17wqyVHGpe2KO3x5mpjg3rxDGfo2A8DPM\" target=\"_blank\" rel=\"noopener\">Bases generales<\/a><\/li>\n<li><a href=\"https:\/\/drive.google.com\/file\/d\/1FqdkUihKpKtpAe-ccb9PfMlW4NFdfkeM\/view\" target=\"_blank\" rel=\"noopener\">Perfil singular<\/a><\/li>\n<\/ul>\n<p>Puede ver el listado definitivo\u00a0<a href=\"https:\/\/drive.google.com\/open?id=1T1tk3hmusP-ZaNARDFQIGJnIGZd-siAj\" target=\"_blank\" rel=\"noopener\">aqu\u00ed<\/a>.<\/p>\n","protected":false},"excerpt":{"rendered":"<p>A continuaci\u00f3n, se presenta el primer listado definitivo de aceptados\/as y excluidos\/as de la convocatoria de selecci\u00f3n de personal para conformar una bolsa de empleo de \u201cT\u00e9cnico\/a de divulgaci\u00f3n cient\u00edfica, especialidad fomento de las vocaciones cient\u00edficas entre el alumnado escolar\u201d Para la valoraci\u00f3n de todas y cada una de las candidaturas, y de los futuros&#8230;<\/p>\n","protected":false},"author":5,"featured_media":0,"comment_status":"closed","ping_status":"closed","sticky":false,"template":"","format":"standard","meta":{"footnotes":""},"categories":[52,232],"tags":[],"featured_image_thumbnail_url":null,"_links":{"self":[{"href":"https:\/\/fg.ull.es\/noticias\/wp-json\/wp\/v2\/posts\/37810"}],"collection":[{"href":"https:\/\/fg.ull.es\/noticias\/wp-json\/wp\/v2\/posts"}],"about":[{"href":"https:\/\/fg.ull.es\/noticias\/wp-json\/wp\/v2\/types\/post"}],"author":[{"embeddable":true,"href":"https:\/\/fg.ull.es\/noticias\/wp-json\/wp\/v2\/users\/5"}],"replies":[{"embeddable":true,"href":"https:\/\/fg.ull.es\/noticias\/wp-json\/wp\/v2\/comments?post=37810"}],"version-history":[{"count":1,"href":"https:\/\/fg.ull.es\/noticias\/wp-json\/wp\/v2\/posts\/37810\/revisions"}],"predecessor-version":[{"id":37811,"href":"https:\/\/fg.ull.es\/noticias\/wp-json\/wp\/v2\/posts\/37810\/revisions\/37811"}],"wp:attachment":[{"href":"https:\/\/fg.ull.es\/noticias\/wp-json\/wp\/v2\/media?parent=37810"}],"wp:term":[{"taxonomy":"category","embeddable":true,"href":"https:\/\/fg.ull.es\/noticias\/wp-json\/wp\/v2\/categories?post=37810"},{"taxonomy":"post_tag","embeddable":true,"href":"https:\/\/fg.ull.es\/noticias\/wp-json\/wp\/v2\/tags?post=37810"}],"curies":[{"name":"wp","href":"https:\/\/api.w.org\/{rel}","templated":true}]}}