{"id":37767,"date":"2018-07-03T15:46:02","date_gmt":"2018-07-03T14:46:02","guid":{"rendered":"https:\/\/fg.ull.es\/noticias\/?p=37767"},"modified":"2018-07-03T15:46:02","modified_gmt":"2018-07-03T14:46:02","slug":"primer-listado-provisional-de-la-convocatoria-de-seleccion-de-personal-para-participar-en-proyectos-de-psicomotricidad-y-atencion-temprana-en-menores-que-presentan-necesidades-especiales-y-o","status":"publish","type":"post","link":"https:\/\/fg.ull.es\/noticias\/2018\/07\/03\/primer-listado-provisional-de-la-convocatoria-de-seleccion-de-personal-para-participar-en-proyectos-de-psicomotricidad-y-atencion-temprana-en-menores-que-presentan-necesidades-especiales-y-o\/","title":{"rendered":"Primer listado provisional de la convocatoria de selecci\u00f3n de personal para participar en \u201cProyectos de psicomotricidad y atenci\u00f3n temprana en menores que presentan necesidades especiales y\/o se encuentran en situaci\u00f3n de riesgo\u201d."},"content":{"rendered":"<h4>A continuaci\u00f3n, se presentan los primeros listados provisionales de aceptados\/as y excluidos\/as de la convocatoria de selecci\u00f3n de personal para participar en proyectos de psicomotricidad y atenci\u00f3n temprana en menores que presentan necesidades especiales y\/o se encuentran en situaci\u00f3n de riesgo.<\/h4>\n<p>A partir de este momento, comienza el periodo de alegaciones que, en ning\u00fan caso, ser\u00e1 periodo de subsanaci\u00f3n de documentaci\u00f3n. Finalizado \u00e9ste, a las 23:59 horas del 6 de julio de 2018, y resueltas \u00e9stas, se proceder\u00e1n a publicar los primeros listados definitivos.<\/p>\n<ul>\n<li><a href=\"https:\/\/drive.google.com\/file\/d\/1xwph3tmWooXPQFxYN-GpQaKSBtGDKe03\/view?usp=sharing\" target=\"_blank\" rel=\"noopener\">Primer listado provisional perfil t\u00e9cnico\/a (2018BDE013)<\/a><\/li>\n<li><a href=\"https:\/\/drive.google.com\/file\/d\/1J4XU9DhZY0AKbDU3oZiPGoAK-KkRNIxb\/view?usp=sharing\" target=\"_blank\" rel=\"noopener\">Primer listado provisional perfil investigador\/a (2018BDE014)<\/a><\/li>\n<\/ul>\n<p>Las alegaciones \u00fanica y exclusivamente se podr\u00e1n presentar telem\u00e1ticamente al correo electr\u00f3nico seleccion@fg.ull.es y utilizando el siguiente documento normalizado: documento de alegaciones\u00a0(<a href=\"https:\/\/drive.google.com\/file\/d\/1AjQ2_QoJh8y4Wk4pXTFHDmMWWJDjdPWj\/view\" target=\"_blank\" rel=\"noopener\">WORD<\/a>,\u00a0<a href=\"https:\/\/drive.google.com\/file\/d\/1DuuuV1M41CdeChfBIGuGTkTBnbaMQ-a0\/view\" target=\"_blank\" rel=\"noopener\">PDF<\/a>,\u00a0<a href=\"https:\/\/drive.google.com\/file\/d\/1ojwPeI6mI3VqEui-FawdtsWLyRuXbPJp\/view\" target=\"_blank\" rel=\"noopener\">ODT<\/a>).<\/p>\n<ul>\n<li><a href=\"https:\/\/drive.google.com\/file\/d\/1Bly9FfUecctF7PLnPEU3GxuqG8R0KgqL\/view?usp=sharing\" target=\"_blank\" rel=\"noindex,nofollow noopener\">Bases Generales<\/a><\/li>\n<li><a href=\"https:\/\/drive.google.com\/file\/d\/1IISEm7CVHNx5kyj2up0sJISNLKUMHMDB\/view?usp=sharing\" target=\"_blank\" rel=\"noindex,nofollow noopener\">Perfil singular 2018BDE013 \u2013 T\u00e9c. Ser Psicomotr<\/a><\/li>\n<li><a href=\"https:\/\/drive.google.com\/file\/d\/1S3fUOy9i10BtLqEMi1eeYR_fUn7vp5W8\/view?usp=sharing\" target=\"_blank\" rel=\"noindex,nofollow noopener\">Perfil singular 2018BDE014 Inv. Ser Psicomotr<\/a><\/li>\n<\/ul>\n","protected":false},"excerpt":{"rendered":"<p>A continuaci\u00f3n, se presentan los primeros listados provisionales de aceptados\/as y excluidos\/as de la convocatoria de selecci\u00f3n de personal para participar en proyectos de psicomotricidad y atenci\u00f3n temprana en menores que presentan necesidades especiales y\/o se encuentran en situaci\u00f3n de riesgo. A partir de este momento, comienza el periodo de alegaciones que, en ning\u00fan caso,&#8230;<\/p>\n","protected":false},"author":5,"featured_media":0,"comment_status":"closed","ping_status":"closed","sticky":false,"template":"","format":"standard","meta":{"footnotes":""},"categories":[52,232],"tags":[98,44],"featured_image_thumbnail_url":null,"_links":{"self":[{"href":"https:\/\/fg.ull.es\/noticias\/wp-json\/wp\/v2\/posts\/37767"}],"collection":[{"href":"https:\/\/fg.ull.es\/noticias\/wp-json\/wp\/v2\/posts"}],"about":[{"href":"https:\/\/fg.ull.es\/noticias\/wp-json\/wp\/v2\/types\/post"}],"author":[{"embeddable":true,"href":"https:\/\/fg.ull.es\/noticias\/wp-json\/wp\/v2\/users\/5"}],"replies":[{"embeddable":true,"href":"https:\/\/fg.ull.es\/noticias\/wp-json\/wp\/v2\/comments?post=37767"}],"version-history":[{"count":1,"href":"https:\/\/fg.ull.es\/noticias\/wp-json\/wp\/v2\/posts\/37767\/revisions"}],"predecessor-version":[{"id":37768,"href":"https:\/\/fg.ull.es\/noticias\/wp-json\/wp\/v2\/posts\/37767\/revisions\/37768"}],"wp:attachment":[{"href":"https:\/\/fg.ull.es\/noticias\/wp-json\/wp\/v2\/media?parent=37767"}],"wp:term":[{"taxonomy":"category","embeddable":true,"href":"https:\/\/fg.ull.es\/noticias\/wp-json\/wp\/v2\/categories?post=37767"},{"taxonomy":"post_tag","embeddable":true,"href":"https:\/\/fg.ull.es\/noticias\/wp-json\/wp\/v2\/tags?post=37767"}],"curies":[{"name":"wp","href":"https:\/\/api.w.org\/{rel}","templated":true}]}}