{"id":37715,"date":"2018-07-02T13:29:05","date_gmt":"2018-07-02T12:29:05","guid":{"rendered":"https:\/\/fg.ull.es\/noticias\/?p=37715"},"modified":"2018-07-02T13:29:05","modified_gmt":"2018-07-02T12:29:05","slug":"segundo-listado-provisional-de-la-convocatoria-de-seleccion-de-una-beca-formativa-de-investigacion-para-participar-en-el-proyecto-plan-de-actuacion-insular-frente-al-riesgo-volcanico-de-la-is","status":"publish","type":"post","link":"https:\/\/fg.ull.es\/noticias\/2018\/07\/02\/segundo-listado-provisional-de-la-convocatoria-de-seleccion-de-una-beca-formativa-de-investigacion-para-participar-en-el-proyecto-plan-de-actuacion-insular-frente-al-riesgo-volcanico-de-la-is\/","title":{"rendered":"Segundo listado provisional de la convocatoria de selecci\u00f3n de una beca formativa de investigaci\u00f3n para participar en el proyecto \u201cPlan de Actuaci\u00f3n Insular frente al riesgo volc\u00e1nico de la isla de Tenerife\u201d"},"content":{"rendered":"<h4>Finalizada la segunda fase del proceso selectivo se procede a publicar el segundo listado provisional de aceptados\/as en la convocatoria de selecci\u00f3n de selecci\u00f3n de beca formativa de investigaci\u00f3n para participar en el proyecto \u201cPlan de Actuaci\u00f3n Insular frente al riesgo volc\u00e1nico de la isla de Tenerife\u201d<\/h4>\n<p>A partir de este momento comienza el periodo de eventuales alegaciones que finalizar\u00e1 el pr\u00f3ximo d\u00eda 05 de julio de 2018. Finalizado \u00e9ste y resueltas las alegaciones, se proceder\u00e1 a publicar el segundo listado definitivo con la confecci\u00f3n de la bolsa.<\/p>\n<p>Las alegaciones \u00fanica y exclusivamente se podr\u00e1n presentar telem\u00e1ticamente al correo electr\u00f3nico seleccion@fg.ull.es y utilizando el siguiente documento normalizado: documento de alegaciones\u00a0(<a href=\"https:\/\/drive.google.com\/file\/d\/1AjQ2_QoJh8y4Wk4pXTFHDmMWWJDjdPWj\/view\" target=\"_blank\" rel=\"noopener\">WORD<\/a>,\u00a0<a href=\"https:\/\/drive.google.com\/file\/d\/1DuuuV1M41CdeChfBIGuGTkTBnbaMQ-a0\/view\" target=\"_blank\" rel=\"noopener\">PDF<\/a>,\u00a0<a href=\"https:\/\/drive.google.com\/file\/d\/1ojwPeI6mI3VqEui-FawdtsWLyRuXbPJp\/view\" target=\"_blank\" rel=\"noopener\">ODT<\/a>).<\/p>\n<p>Para la valoraci\u00f3n de todas y cada una de las candidaturas, y de los futuros procesos, se ha tomado como fundamento lo especificado en:<\/p>\n<ul>\n<li><a href=\"https:\/\/drive.google.com\/open?id=0Bw3NGKR8uBCOWnRsUFN6bVcyODg\" target=\"_blank\" rel=\"noopener\">Bases generales.<\/a><\/li>\n<li><a href=\"https:\/\/drive.google.com\/open?id=1xj_E8BvJCj1y_tQ6Sc5fcWmbUu5FS9HJ\" target=\"_blank\" rel=\"noopener\">Bases espec\u00edficas<\/a>.<\/li>\n<\/ul>\n<p>Puede ver el segundo listado provisional <a href=\"https:\/\/drive.google.com\/open?id=1-2RUSc7asbnqkfD7FcL1KMPNSXGgRoFp\" target=\"_blank\" rel=\"noopener\">aqu\u00ed<\/a>.<\/p>\n","protected":false},"excerpt":{"rendered":"<p>Finalizada la segunda fase del proceso selectivo se procede a publicar el segundo listado provisional de aceptados\/as en la convocatoria de selecci\u00f3n de selecci\u00f3n de beca formativa de investigaci\u00f3n para participar en el proyecto \u201cPlan de Actuaci\u00f3n Insular frente al riesgo volc\u00e1nico de la isla de Tenerife\u201d A partir de este momento comienza el periodo&#8230;<\/p>\n","protected":false},"author":5,"featured_media":0,"comment_status":"closed","ping_status":"closed","sticky":false,"template":"","format":"standard","meta":{"footnotes":""},"categories":[52,232],"tags":[75,98],"featured_image_thumbnail_url":null,"_links":{"self":[{"href":"https:\/\/fg.ull.es\/noticias\/wp-json\/wp\/v2\/posts\/37715"}],"collection":[{"href":"https:\/\/fg.ull.es\/noticias\/wp-json\/wp\/v2\/posts"}],"about":[{"href":"https:\/\/fg.ull.es\/noticias\/wp-json\/wp\/v2\/types\/post"}],"author":[{"embeddable":true,"href":"https:\/\/fg.ull.es\/noticias\/wp-json\/wp\/v2\/users\/5"}],"replies":[{"embeddable":true,"href":"https:\/\/fg.ull.es\/noticias\/wp-json\/wp\/v2\/comments?post=37715"}],"version-history":[{"count":1,"href":"https:\/\/fg.ull.es\/noticias\/wp-json\/wp\/v2\/posts\/37715\/revisions"}],"predecessor-version":[{"id":37718,"href":"https:\/\/fg.ull.es\/noticias\/wp-json\/wp\/v2\/posts\/37715\/revisions\/37718"}],"wp:attachment":[{"href":"https:\/\/fg.ull.es\/noticias\/wp-json\/wp\/v2\/media?parent=37715"}],"wp:term":[{"taxonomy":"category","embeddable":true,"href":"https:\/\/fg.ull.es\/noticias\/wp-json\/wp\/v2\/categories?post=37715"},{"taxonomy":"post_tag","embeddable":true,"href":"https:\/\/fg.ull.es\/noticias\/wp-json\/wp\/v2\/tags?post=37715"}],"curies":[{"name":"wp","href":"https:\/\/api.w.org\/{rel}","templated":true}]}}