{"id":37710,"date":"2018-07-02T11:21:05","date_gmt":"2018-07-02T10:21:05","guid":{"rendered":"https:\/\/fg.ull.es\/noticias\/?p=37710"},"modified":"2018-07-09T11:30:41","modified_gmt":"2018-07-09T10:30:41","slug":"resolucion-definitiva-de-adjudicaciones-de-becas-de-internacionalizacion-idiomatica-e-inmersion-linguistica-en-ingles-para-alumnado-el-alumnado-de-excelencia-de-la-universidad-de-la-laguna-para-el-cur","status":"publish","type":"post","link":"https:\/\/fg.ull.es\/noticias\/2018\/07\/02\/resolucion-definitiva-de-adjudicaciones-de-becas-de-internacionalizacion-idiomatica-e-inmersion-linguistica-en-ingles-para-alumnado-el-alumnado-de-excelencia-de-la-universidad-de-la-laguna-para-el-cur\/","title":{"rendered":"Resoluci\u00f3n definitiva de adjudicaciones de becas de internacionalizaci\u00f3n idiom\u00e1tica e inmersi\u00f3n ling\u00fc\u00edstica en ingl\u00e9s para alumnado de excelencia de la Universidad de La Laguna para el curso 2017\/2018"},"content":{"rendered":"<p>Con la presente se publica el listado de becas adjudicadas:<\/p>\n<p>&#8211; <a href=\"https:\/\/drive.google.com\/file\/d\/1Yot6qNqp_pEnjxeifKN2Q2vLv9wmTv4l\/view?usp=sharing\" target=\"_blank\" rel=\"noopener\">Resoluci\u00f3n definitiva de adjudicaci\u00f3n<\/a><\/p>\n<p><strong>\u00a0<\/strong><strong>Las personas con beca concedida deben aceptar la beca y hacer la propuesta de desplazamiento seg\u00fan los plazos establecidos:<\/strong><\/p>\n<ul>\n<li><strong>\u00a0<\/strong>Se establece un plazo de <strong>5 d\u00edas h\u00e1biles<\/strong>, que finaliza el 9 de julio, para que las personas con beca concedida firmen <strong>la aceptaci\u00f3n<\/strong> o no aceptaci\u00f3n de la misma.<\/li>\n<li>Se establece un plazo de <strong>30 d\u00edas naturales<\/strong>, desde la firma de la aceptaci\u00f3n de la beca, para que <strong>presente a la comisi\u00f3n de evaluaci\u00f3n<\/strong>, para su valoraci\u00f3n, <strong>una propuesta de deslazamiento<\/strong> que incluya la realizaci\u00f3n de un curso intensivo de ingl\u00e9s en un pa\u00eds de habla inglesa de, al menos, 20 horas semanales de clases y un m\u00ednimo de 6 semanas de duraci\u00f3n, a realizar desde la aceptaci\u00f3n de la beca hasta el 31 de octubre de 2018.<\/li>\n<\/ul>\n<p>La aceptaci\u00f3n de la beca y la presentaci\u00f3n de propuestas se har\u00e1n en la secretar\u00eda de la Fundaci\u00f3n o enviando la documentaci\u00f3n firmada al correo electr\u00f3nico <a href=\"mailto:formacion@fg.ull.es\">formacion@fg.ull.es<\/a><\/p>\n<p><a href=\"https:\/\/drive.google.com\/file\/d\/1WkI37I7VIwgau_fHEktVU3oMTJyzvJaB\/view?usp=sharing\" target=\"_blank\" rel=\"noopener\">Documento de aceptaci\u00f3n<\/a><\/p>\n<p><a href=\"https:\/\/drive.google.com\/file\/d\/17hsNm8b88CkkeK2OTzH0hNr4MTWyf_Dc\/view?usp=sharing\" target=\"_blank\" rel=\"noopener\">Documento de adjunto de propuesta<\/a><\/p>\n<p>&nbsp;<\/p>\n<p>&nbsp;<\/p>\n","protected":false},"excerpt":{"rendered":"<p>Con la presente se publica el listado de becas adjudicadas: &#8211; Resoluci\u00f3n definitiva de adjudicaci\u00f3n \u00a0Las personas con beca concedida deben aceptar la beca y hacer la propuesta de desplazamiento seg\u00fan los plazos establecidos: \u00a0Se establece un plazo de 5 d\u00edas h\u00e1biles, que finaliza el 9 de julio, para que las personas con beca concedida&#8230;<\/p>\n","protected":false},"author":6,"featured_media":0,"comment_status":"closed","ping_status":"closed","sticky":false,"template":"","format":"standard","meta":{"footnotes":""},"categories":[232],"tags":[],"featured_image_thumbnail_url":null,"_links":{"self":[{"href":"https:\/\/fg.ull.es\/noticias\/wp-json\/wp\/v2\/posts\/37710"}],"collection":[{"href":"https:\/\/fg.ull.es\/noticias\/wp-json\/wp\/v2\/posts"}],"about":[{"href":"https:\/\/fg.ull.es\/noticias\/wp-json\/wp\/v2\/types\/post"}],"author":[{"embeddable":true,"href":"https:\/\/fg.ull.es\/noticias\/wp-json\/wp\/v2\/users\/6"}],"replies":[{"embeddable":true,"href":"https:\/\/fg.ull.es\/noticias\/wp-json\/wp\/v2\/comments?post=37710"}],"version-history":[{"count":4,"href":"https:\/\/fg.ull.es\/noticias\/wp-json\/wp\/v2\/posts\/37710\/revisions"}],"predecessor-version":[{"id":37871,"href":"https:\/\/fg.ull.es\/noticias\/wp-json\/wp\/v2\/posts\/37710\/revisions\/37871"}],"wp:attachment":[{"href":"https:\/\/fg.ull.es\/noticias\/wp-json\/wp\/v2\/media?parent=37710"}],"wp:term":[{"taxonomy":"category","embeddable":true,"href":"https:\/\/fg.ull.es\/noticias\/wp-json\/wp\/v2\/categories?post=37710"},{"taxonomy":"post_tag","embeddable":true,"href":"https:\/\/fg.ull.es\/noticias\/wp-json\/wp\/v2\/tags?post=37710"}],"curies":[{"name":"wp","href":"https:\/\/api.w.org\/{rel}","templated":true}]}}