{"id":37677,"date":"2018-06-29T14:16:27","date_gmt":"2018-06-29T13:16:27","guid":{"rendered":"https:\/\/fg.ull.es\/noticias\/?p=37677"},"modified":"2019-01-17T13:32:18","modified_gmt":"2019-01-17T13:32:18","slug":"cataliza-desde-dentro-cajasiete","status":"publish","type":"post","link":"https:\/\/fg.ull.es\/noticias\/2018\/06\/29\/cataliza-desde-dentro-cajasiete\/","title":{"rendered":"[CATALIZA DESDE DENTRO] Daniela Postiglione: \u201cDe Cataliza han salido personas muy importantes para Cajasiete\u201d"},"content":{"rendered":"<section class=\"wpb-content-wrapper\"><p>[vc_row][vc_column][vc_column_text]<strong>En torno al 40% de estudiantes que proviene del programa forma parte de la plantilla de esta organizaci\u00f3n.<\/strong><\/p>\n<p><strong>Daniela Postiglione<\/strong>, directora de Recursos Humanos de <strong>Cajasiete<\/strong>, afirma que \u201cel <a href=\"https:\/\/fg.ull.es\/catalizacanarias\/\">Programa Cataliza<\/a> ha provisto a la organizaci\u00f3n de trabajadores muy importantes en la actualidad\u201d.<\/p>\n<p><span style=\"font-weight: 400\">En torno al 40% de los estudiantes que comienza sus pr\u00e1cticas por medio de este m\u00e9todo forma parte de la plantilla de la empresa desde que en 2013 se uniera a este proyecto, que busca facilitar la inserci\u00f3n en el mercado laboral de las personas desempleadas con titulaci\u00f3n del Archipi\u00e9lago.<\/span><\/p>\n<p><span style=\"font-weight: 400\">Cuatro estudiantes de diferentes grados como Administraci\u00f3n y Direcci\u00f3n de Empresas, Econom\u00eda y Contabilidad y Finanzas conforman el alumnado que ha iniciado su experiencia laboral en Cajasiete a trav\u00e9s de la beca de formaci\u00f3n proporcionada por Cataliza. <\/span><\/p>\n<p><span style=\"font-weight: 400\">Entre ellos, <strong>Cristina Cecilia<\/strong><\/span><span style=\"font-weight: 400\">, que destacar\u00eda de su periodo de aprendizaje &#8220;el crecimiento tanto personal como profesional durante los seis meses de duraci\u00f3n y la obtenci\u00f3n de nuevas capacidades y competencias&#8221;, algo en lo que coincide con sus compa\u00f1eros de pr\u00e1cticas.<\/span><\/p>\n<p><span style=\"font-weight: 400\">Por su parte, <strong>Carlos Toledo <\/strong><\/span><span style=\"font-weight: 400\">valora la acogida de Cajasiete como inmejorable y considera que &#8220;m\u00e1s empresas de las Islas deber\u00edan sumarse al Programa Cataliza&#8221;.<\/span><\/p>\n<p><span style=\"font-weight: 400\">Estos j\u00f3venes que se encuentran a punto de finalizar su beca, creen en la necesidad de una etapa de aprendizaje posterior a la finalizaci\u00f3n de la titulaci\u00f3n. En concreto,<strong> Jorge Fari\u00f1a<\/strong> determina que el periodo de pr\u00e1cticas de Cataliza es el complemento perfecto a las ya incluidas en el plan de estudios de grado. Esto le permiti\u00f3 lograr la preparaci\u00f3n suficiente para enfrentarse con determinaci\u00f3n al mundo laboral que le espera.<\/span><\/p>\n<p><span style=\"font-weight: 400\">Otra de las beneficiarias del programa, <strong>Samanta Santana<\/strong>,<\/span> <span style=\"font-weight: 400\">se sinti\u00f3 motivada al conocer a trabajadores de la plantilla de Cajasiete que hab\u00edan participado en ediciones anteriores de Cataliza y a\u00f1ade que, a pesar del potencial de los alumnos al t\u00e9rmino de sus estudios, &#8220;la experiencia es un elemento necesario&#8221; y, en su caso, la ha conseguido a trav\u00e9s de este periodo de pr\u00e1cticas.<\/span>[\/vc_column_text][vc_column_text]<span style=\"font-weight: 400\">Daniela Postiglione se licenci\u00f3 en Psicolog\u00eda por la Universidad de La Laguna impulsada por su vocaci\u00f3n de ayudar a los dem\u00e1s. <\/span><\/p>\n<p><span style=\"font-weight: 400\">Sin embargo, afirma que no tuvo oportunidad de acceder a becas durante su periodo como estudiante dado que es extranjera, por lo que trabaj\u00f3 arduamente para poder costear sus estudios. &#8220;Me hubiera encantado participar en un programa como este&#8221;, enfatiza.<\/span><\/p>\n<p><span style=\"font-weight: 400\">La relaci\u00f3n del Programa Cataliza con Cajasiete comenz\u00f3 hace cinco a\u00f1os, en los que un total de m\u00e1s de 60 alumnos se ha beneficiado de las pr\u00e1cticas en esta empresa. <\/span><\/p>\n<p><span style=\"font-weight: 400\">Seg\u00fan Daniela, &#8220;el talento joven y fresco es un recurso que aporta mucho valor&#8221; y Cataliza permite poner en contacto a los estudiantes con el mundo empresarial, proporcion\u00e1ndoles experiencia a partir de situaciones reales. &#8220;El programa Cataliza es la v\u00eda perfecta para propiciar la primera contrataci\u00f3n de j\u00f3venes con titulaci\u00f3n. Nuestro caso es un ejemplo de ello&#8221;, plantea la directora de Recursos Humanos de Cajasiete.<\/span><\/p>\n<p>[\/vc_column_text][vc_empty_space][vc_video link=&#8221;https:\/\/www.youtube.com\/watch?v=AqTebVYc31U&#8221;][\/vc_column][\/vc_row]<\/p>\n<\/section>","protected":false},"excerpt":{"rendered":"<p>[vc_row][vc_column][vc_column_text]En torno al 40% de estudiantes que proviene del programa forma parte de la plantilla de esta organizaci\u00f3n. Daniela Postiglione, directora de Recursos Humanos de Cajasiete, afirma que \u201cel Programa Cataliza ha provisto a la organizaci\u00f3n de trabajadores muy importantes en la actualidad\u201d. En torno al 40% de los estudiantes que comienza sus pr\u00e1cticas por&#8230;<\/p>\n","protected":false},"author":17,"featured_media":37678,"comment_status":"closed","ping_status":"closed","sticky":false,"template":"","format":"standard","meta":{"footnotes":""},"categories":[38,810,174],"tags":[173,102],"featured_image_thumbnail_url":"https:\/\/fg.ull.es\/noticias\/wp-content\/uploads\/sites\/2\/2018\/06\/IMG-20180615-WA0011-300x225.jpg","_links":{"self":[{"href":"https:\/\/fg.ull.es\/noticias\/wp-json\/wp\/v2\/posts\/37677"}],"collection":[{"href":"https:\/\/fg.ull.es\/noticias\/wp-json\/wp\/v2\/posts"}],"about":[{"href":"https:\/\/fg.ull.es\/noticias\/wp-json\/wp\/v2\/types\/post"}],"author":[{"embeddable":true,"href":"https:\/\/fg.ull.es\/noticias\/wp-json\/wp\/v2\/users\/17"}],"replies":[{"embeddable":true,"href":"https:\/\/fg.ull.es\/noticias\/wp-json\/wp\/v2\/comments?post=37677"}],"version-history":[{"count":4,"href":"https:\/\/fg.ull.es\/noticias\/wp-json\/wp\/v2\/posts\/37677\/revisions"}],"predecessor-version":[{"id":37688,"href":"https:\/\/fg.ull.es\/noticias\/wp-json\/wp\/v2\/posts\/37677\/revisions\/37688"}],"wp:featuredmedia":[{"embeddable":true,"href":"https:\/\/fg.ull.es\/noticias\/wp-json\/wp\/v2\/media\/37678"}],"wp:attachment":[{"href":"https:\/\/fg.ull.es\/noticias\/wp-json\/wp\/v2\/media?parent=37677"}],"wp:term":[{"taxonomy":"category","embeddable":true,"href":"https:\/\/fg.ull.es\/noticias\/wp-json\/wp\/v2\/categories?post=37677"},{"taxonomy":"post_tag","embeddable":true,"href":"https:\/\/fg.ull.es\/noticias\/wp-json\/wp\/v2\/tags?post=37677"}],"curies":[{"name":"wp","href":"https:\/\/api.w.org\/{rel}","templated":true}]}}