{"id":37608,"date":"2018-06-26T13:22:53","date_gmt":"2018-06-26T12:22:53","guid":{"rendered":"https:\/\/fg.ull.es\/noticias\/?p=37608"},"modified":"2018-06-26T13:22:53","modified_gmt":"2018-06-26T12:22:53","slug":"primer-listado-definitivo-de-la-convocatoria-de-seleccion-de-una-beca-formativa-de-investigacion-para-participar-en-el-proyecto-plan-de-actuacion-insular-frente-al-riesgo-volcanico-de-la-isla","status":"publish","type":"post","link":"https:\/\/fg.ull.es\/noticias\/2018\/06\/26\/primer-listado-definitivo-de-la-convocatoria-de-seleccion-de-una-beca-formativa-de-investigacion-para-participar-en-el-proyecto-plan-de-actuacion-insular-frente-al-riesgo-volcanico-de-la-isla\/","title":{"rendered":"Primer listado definitivo de la convocatoria de selecci\u00f3n de una beca formativa de investigaci\u00f3n para participar en el proyecto \u201cPlan de Actuaci\u00f3n Insular frente al riesgo volc\u00e1nico de la isla de Tenerife\u201d."},"content":{"rendered":"<h4>A continuaci\u00f3n, se presenta el listado definitivo de aceptados\/as y excluidos\/as de la convocatoria de selecci\u00f3n de una beca para participar en el proyecto \u201cPlan de Actuaci\u00f3n Insular frente al riesgo volc\u00e1nico de la isla de Tenerife\u201d.<\/h4>\n<p>Las personas admitidas en el primer listado definitivo podr\u00e1n participar en la segunda fase de selecci\u00f3n el pr\u00f3ximo d\u00eda 2 de julio de 2018.<\/p>\n<p>Puede ver listado definitivo <a href=\"https:\/\/drive.google.com\/file\/d\/10A987hF2hd9lE3aZlzQRy0677e8Qr3Dh\/view?usp=sharing\" target=\"_blank\" rel=\"noopener\">aqu\u00ed<\/a>.<\/p>\n","protected":false},"excerpt":{"rendered":"<p>A continuaci\u00f3n, se presenta el listado definitivo de aceptados\/as y excluidos\/as de la convocatoria de selecci\u00f3n de una beca para participar en el proyecto \u201cPlan de Actuaci\u00f3n Insular frente al riesgo volc\u00e1nico de la isla de Tenerife\u201d. Las personas admitidas en el primer listado definitivo podr\u00e1n participar en la segunda fase de selecci\u00f3n el pr\u00f3ximo&#8230;<\/p>\n","protected":false},"author":5,"featured_media":0,"comment_status":"closed","ping_status":"closed","sticky":false,"template":"","format":"standard","meta":{"footnotes":""},"categories":[52,232],"tags":[75,98,44],"featured_image_thumbnail_url":null,"_links":{"self":[{"href":"https:\/\/fg.ull.es\/noticias\/wp-json\/wp\/v2\/posts\/37608"}],"collection":[{"href":"https:\/\/fg.ull.es\/noticias\/wp-json\/wp\/v2\/posts"}],"about":[{"href":"https:\/\/fg.ull.es\/noticias\/wp-json\/wp\/v2\/types\/post"}],"author":[{"embeddable":true,"href":"https:\/\/fg.ull.es\/noticias\/wp-json\/wp\/v2\/users\/5"}],"replies":[{"embeddable":true,"href":"https:\/\/fg.ull.es\/noticias\/wp-json\/wp\/v2\/comments?post=37608"}],"version-history":[{"count":1,"href":"https:\/\/fg.ull.es\/noticias\/wp-json\/wp\/v2\/posts\/37608\/revisions"}],"predecessor-version":[{"id":37609,"href":"https:\/\/fg.ull.es\/noticias\/wp-json\/wp\/v2\/posts\/37608\/revisions\/37609"}],"wp:attachment":[{"href":"https:\/\/fg.ull.es\/noticias\/wp-json\/wp\/v2\/media?parent=37608"}],"wp:term":[{"taxonomy":"category","embeddable":true,"href":"https:\/\/fg.ull.es\/noticias\/wp-json\/wp\/v2\/categories?post=37608"},{"taxonomy":"post_tag","embeddable":true,"href":"https:\/\/fg.ull.es\/noticias\/wp-json\/wp\/v2\/tags?post=37608"}],"curies":[{"name":"wp","href":"https:\/\/api.w.org\/{rel}","templated":true}]}}