{"id":37574,"date":"2018-06-22T14:26:14","date_gmt":"2018-06-22T13:26:14","guid":{"rendered":"https:\/\/fg.ull.es\/noticias\/?p=37574"},"modified":"2018-06-22T14:26:14","modified_gmt":"2018-06-22T13:26:14","slug":"convocatoria-de-seleccion-de-una-beca-formativa-de-investigacion-para-participar-en-el-proyecto-desarrollo-social-y-cientifico-de-la-mediacion","status":"publish","type":"post","link":"https:\/\/fg.ull.es\/noticias\/2018\/06\/22\/convocatoria-de-seleccion-de-una-beca-formativa-de-investigacion-para-participar-en-el-proyecto-desarrollo-social-y-cientifico-de-la-mediacion\/","title":{"rendered":"Convocatoria de selecci\u00f3n de una beca formativa de investigaci\u00f3n para participar en el proyecto \u201cDesarrollo social y cient\u00edfico de la mediaci\u00f3n\u201d."},"content":{"rendered":"<h4>A partir del s\u00e1bado 23 y hasta el pr\u00f3ximo 29 de junio de 2018, se abre el proceso de selecci\u00f3n de personal para participar en el proyecto \u201cDesarrollo social y cient\u00edfico de la mediaci\u00f3n\u201d.<\/h4>\n<p>Las personas interesadas en participar en el proceso de selecci\u00f3n deben cumplir con lo expuesto en las bases generales y perfil singular de la convocatoria. Los requisitos m\u00ednimos son los siguientes:<\/p>\n<ul>\n<li>Master Universitario en Intervenci\u00f3n y Mediaci\u00f3n Familiar, Social y Comunitaria o similar.<\/li>\n<\/ul>\n<p>Para la inscripci\u00f3n es totalmente necesario el cumplimiento de los requisitos expuestos en las bases que se presentan a continuaci\u00f3n:<\/p>\n<ul>\n<li><a href=\"https:\/\/drive.google.com\/open?id=0Bw3NGKR8uBCOWnRsUFN6bVcyODg\" target=\"_blank\" rel=\"noopener\">Bases generales<\/a><\/li>\n<li><a href=\"https:\/\/drive.google.com\/open?id=17Moo5mN9kPuWh-4bmY_hOVq9q5QB3KU6\" target=\"_blank\" rel=\"noopener\">Perfil singular<\/a><\/li>\n<\/ul>\n<p>Puedes inscribirte <a href=\"https:\/\/sede.fg.ull.es\/es\/empleo\/detalle\/a18120021\/fundacion-general-de-la-universidad-de-la-laguna-agencia-universitaria-de-innovacion\" target=\"_blank\" rel=\"noopener\">aqu\u00ed<\/a><\/p>\n","protected":false},"excerpt":{"rendered":"<p>A partir del s\u00e1bado 23 y hasta el pr\u00f3ximo 29 de junio de 2018, se abre el proceso de selecci\u00f3n de personal para participar en el proyecto \u201cDesarrollo social y cient\u00edfico de la mediaci\u00f3n\u201d. Las personas interesadas en participar en el proceso de selecci\u00f3n deben cumplir con lo expuesto en las bases generales y perfil&#8230;<\/p>\n","protected":false},"author":5,"featured_media":0,"comment_status":"closed","ping_status":"closed","sticky":false,"template":"","format":"standard","meta":{"footnotes":""},"categories":[52,232],"tags":[75,98,44],"featured_image_thumbnail_url":null,"_links":{"self":[{"href":"https:\/\/fg.ull.es\/noticias\/wp-json\/wp\/v2\/posts\/37574"}],"collection":[{"href":"https:\/\/fg.ull.es\/noticias\/wp-json\/wp\/v2\/posts"}],"about":[{"href":"https:\/\/fg.ull.es\/noticias\/wp-json\/wp\/v2\/types\/post"}],"author":[{"embeddable":true,"href":"https:\/\/fg.ull.es\/noticias\/wp-json\/wp\/v2\/users\/5"}],"replies":[{"embeddable":true,"href":"https:\/\/fg.ull.es\/noticias\/wp-json\/wp\/v2\/comments?post=37574"}],"version-history":[{"count":1,"href":"https:\/\/fg.ull.es\/noticias\/wp-json\/wp\/v2\/posts\/37574\/revisions"}],"predecessor-version":[{"id":37575,"href":"https:\/\/fg.ull.es\/noticias\/wp-json\/wp\/v2\/posts\/37574\/revisions\/37575"}],"wp:attachment":[{"href":"https:\/\/fg.ull.es\/noticias\/wp-json\/wp\/v2\/media?parent=37574"}],"wp:term":[{"taxonomy":"category","embeddable":true,"href":"https:\/\/fg.ull.es\/noticias\/wp-json\/wp\/v2\/categories?post=37574"},{"taxonomy":"post_tag","embeddable":true,"href":"https:\/\/fg.ull.es\/noticias\/wp-json\/wp\/v2\/tags?post=37574"}],"curies":[{"name":"wp","href":"https:\/\/api.w.org\/{rel}","templated":true}]}}