{"id":37510,"date":"2018-06-19T18:51:05","date_gmt":"2018-06-19T17:51:05","guid":{"rendered":"https:\/\/fg.ull.es\/noticias\/?p=37510"},"modified":"2018-06-19T18:51:05","modified_gmt":"2018-06-19T17:51:05","slug":"convocatoria-de-seleccion-de-personal-para-participar-en-proyectos-de-psicomotricidad-y-atencion-temprana-en-menores-que-presentan-necesidades-especiales-y-o-se-encuentran-en-situacion-de-rie","status":"publish","type":"post","link":"https:\/\/fg.ull.es\/noticias\/2018\/06\/19\/convocatoria-de-seleccion-de-personal-para-participar-en-proyectos-de-psicomotricidad-y-atencion-temprana-en-menores-que-presentan-necesidades-especiales-y-o-se-encuentran-en-situacion-de-rie\/","title":{"rendered":"Convocatoria de selecci\u00f3n de personal para participar en \u201cProyectos de psicomotricidad y atenci\u00f3n temprana en menores que presentan necesidades especiales y\/o se encuentran en situaci\u00f3n de riesgo\u201d."},"content":{"rendered":"<h4>A partir de hoy y hasta el pr\u00f3ximo 26 de junio de 2018, ambos inclusive, estar\u00e1 abierto el periodo de inscripci\u00f3n del proceso de selecci\u00f3n de personal t\u00e9cnico e investigador para participar en proyectos de psicomotricidad y atenci\u00f3n temprana en menores que presentan necesidades especiales y\/o se encuentran en situaci\u00f3n de riesgo.<\/h4>\n<p>Las personas interesadas en participar en el proceso de selecci\u00f3n, deben cumplir con lo expuesto en las bases generales y en los perfiles singulares de las convocatorias.<\/p>\n<p><strong>\u00a0<\/strong><strong>PERFIL T\u00c9CNICO\/A (2018BDE0013)<\/strong>:<\/p>\n<p><u>Requisitos m\u00ednimos:<\/u><\/p>\n<ul>\n<li>R.1 Estar en posesi\u00f3n del t\u00edtulo de Grado o Licenciatura en Magisterio, Logopedia, Pedagog\u00eda, Psicolog\u00eda o Psicopedagog\u00eda<\/li>\n<li>R.2 Estar en posesi\u00f3n de t\u00edtulo de M\u00e1ster o Posgrado en Psicomotricidad Relacional.<\/li>\n<\/ul>\n<p><u>Baremables (1\u00aa Fase): <\/u><\/p>\n<ul>\n<li>Cursos o seminarios de formaci\u00f3n en el \u00e1mbito de la psicomotricidad<\/li>\n<li>Cursos en el \u00e1mbito de las necesidades educativas especiales<\/li>\n<li>Experiencia profesional de intervenci\u00f3n con menores en el \u00e1mbito de la psicomotricidad relacional en Centros Educativos Sanitarios y Servicio Universitario<\/li>\n<li>Participaci\u00f3n en equipos de evaluaci\u00f3n<\/li>\n<\/ul>\n<p>Para la inscripci\u00f3n es totalmente necesario el cumplimiento de los requisitos expuestos en las bases que se presentan a continuaci\u00f3n:<\/p>\n<ul>\n<li><a href=\"https:\/\/drive.google.com\/file\/d\/1Bly9FfUecctF7PLnPEU3GxuqG8R0KgqL\/view?usp=sharing\" target=\"_blank\" rel=\"noindex,nofollow noopener\">Bases Generales<\/a><\/li>\n<li><a href=\"https:\/\/drive.google.com\/file\/d\/1IISEm7CVHNx5kyj2up0sJISNLKUMHMDB\/view?usp=sharing\" target=\"_blank\" rel=\"noindex,nofollow noopener\">Perfil singular 2018BDE013 &#8211; T\u00e9c. Ser Psicomotr<\/a><\/li>\n<li><a href=\"https:\/\/drive.google.com\/file\/d\/1de1eXMoDReexGZFkTQRfzyCuc0aXg4yI\/view?usp=sharing\" target=\"_blank\" rel=\"noindex,nofollow noopener\">Anexo I docs 2018BDE013<\/a><\/li>\n<li><a href=\"https:\/\/drive.google.com\/file\/d\/15GVeB9AQV5sz6DkQPKIV9MuYPJancygI\/view?usp=sharing\" target=\"_blank\" rel=\"noindex,nofollow noopener\">Anexo I pdf 2018BDE013<\/a><\/li>\n<li><a href=\"https:\/\/drive.google.com\/file\/d\/1fuZ5DDjpZAHQvOMTgVg68QT_INSgcWLy\/view?usp=sharing\" target=\"_blank\" rel=\"noindex,nofollow noopener\">Anexo I odt 2018BDE013<\/a><\/li>\n<\/ul>\n<p>Puedes inscribirte <a href=\"https:\/\/sede.fg.ull.es\/es\/empleo\/detalle\/a18120005\/fundacion-general-de-la-universidad-de-la-laguna-agencia-universitaria-de-innovacion\" target=\"_blank\" rel=\"noopener\">aqu\u00ed<\/a><\/p>\n<p><strong>PERFIL INVESTIGADOR\/A (2018BDE014)<\/strong>:<\/p>\n<p><u>Requisitos m\u00ednimos:<\/u><\/p>\n<ul>\n<li>R.1 Estar en posesi\u00f3n del t\u00edtulo de Grado o Licenciatura en Magisterio, Logopedia, Pedagog\u00eda, Psicolog\u00eda o Psicopedagog\u00eda<\/li>\n<li>R.2 Estar en posesi\u00f3n de t\u00edtulo de posgrado en Psicomotricidad Relacional<\/li>\n<li>R.3 Estar en posesi\u00f3n del t\u00edtulo de Doctor\/a. La tem\u00e1tica de la tesis doctoral debe estar directamente relacionada con el \u00e1mbito de intervenci\u00f3n psicomotriz<strong>.<\/strong><\/li>\n<\/ul>\n<p><u>Baremables (1\u00aa fase):<\/u><\/p>\n<ul>\n<li>Cursos de formaci\u00f3n en el \u00e1mbito de la psicomotricidad<\/li>\n<li>Cursos de relacionados con la metodolog\u00eda en investigaci\u00f3n o necesidades educativas especiales<\/li>\n<li>Publicaciones cient\u00edficas relacionadas con la psicomotricidad<\/li>\n<li>Trabajos presentados en congresos relacionados con la psicomotricidad<\/li>\n<li>Participaci\u00f3n en proyectos o contratos de investigaci\u00f3n relacionados con la psicomotricidad<\/li>\n<\/ul>\n<p>Para la inscripci\u00f3n es totalmente necesario el cumplimiento de los requisitos expuestos en las bases que se presentan a continuaci\u00f3n:<\/p>\n<ul>\n<li><a href=\"https:\/\/drive.google.com\/file\/d\/1Bly9FfUecctF7PLnPEU3GxuqG8R0KgqL\/view?usp=sharing\" target=\"_blank\" rel=\"noindex,nofollow noopener\">Bases Generales<\/a><\/li>\n<li><a href=\"https:\/\/drive.google.com\/file\/d\/1S3fUOy9i10BtLqEMi1eeYR_fUn7vp5W8\/view?usp=sharing\" target=\"_blank\" rel=\"noindex,nofollow noopener\">Perfil singular 2018BDE014 Inv. Ser Psicomotr<\/a><\/li>\n<li><a href=\"https:\/\/drive.google.com\/file\/d\/120ASTNgn5WmIMdWQYpyCVp_znr7Eu7f6\/view?usp=sharing\" target=\"_blank\" rel=\"noindex,nofollow noopener\">Anexo I docx 2018BDE014<\/a><\/li>\n<li><a href=\"https:\/\/drive.google.com\/file\/d\/1pFVFXXqMnglODuc4sHhQkGcbJVCcVDBj\/view?usp=sharing\" target=\"_blank\" rel=\"noindex,nofollow noopener\">Anexo I pdf 2018BDE014<\/a><\/li>\n<li><a href=\"https:\/\/drive.google.com\/file\/d\/1I8hemcARLo9dHz43PThBuJrxkvQ_XZZG\/view?usp=sharing\" target=\"_blank\" rel=\"noindex,nofollow noopener\">Anexo I odt 2018BDE014<\/a><\/li>\n<\/ul>\n<p>Puedes inscribirte <a href=\"https:\/\/sede.fg.ull.es\/es\/empleo\/detalle\/a18120005\/fundacion-general-de-la-universidad-de-la-laguna-agencia-universitaria-de-innovacion\" target=\"_blank\" rel=\"noopener\">aqu\u00ed<\/a><\/p>\n","protected":false},"excerpt":{"rendered":"<p>A partir de hoy y hasta el pr\u00f3ximo 26 de junio de 2018, ambos inclusive, estar\u00e1 abierto el periodo de inscripci\u00f3n del proceso de selecci\u00f3n de personal t\u00e9cnico e investigador para participar en proyectos de psicomotricidad y atenci\u00f3n temprana en menores que presentan necesidades especiales y\/o se encuentran en situaci\u00f3n de riesgo. Las personas interesadas&#8230;<\/p>\n","protected":false},"author":5,"featured_media":0,"comment_status":"closed","ping_status":"closed","sticky":false,"template":"","format":"standard","meta":{"footnotes":""},"categories":[52,232],"tags":[486,98,44,30],"featured_image_thumbnail_url":null,"_links":{"self":[{"href":"https:\/\/fg.ull.es\/noticias\/wp-json\/wp\/v2\/posts\/37510"}],"collection":[{"href":"https:\/\/fg.ull.es\/noticias\/wp-json\/wp\/v2\/posts"}],"about":[{"href":"https:\/\/fg.ull.es\/noticias\/wp-json\/wp\/v2\/types\/post"}],"author":[{"embeddable":true,"href":"https:\/\/fg.ull.es\/noticias\/wp-json\/wp\/v2\/users\/5"}],"replies":[{"embeddable":true,"href":"https:\/\/fg.ull.es\/noticias\/wp-json\/wp\/v2\/comments?post=37510"}],"version-history":[{"count":1,"href":"https:\/\/fg.ull.es\/noticias\/wp-json\/wp\/v2\/posts\/37510\/revisions"}],"predecessor-version":[{"id":37511,"href":"https:\/\/fg.ull.es\/noticias\/wp-json\/wp\/v2\/posts\/37510\/revisions\/37511"}],"wp:attachment":[{"href":"https:\/\/fg.ull.es\/noticias\/wp-json\/wp\/v2\/media?parent=37510"}],"wp:term":[{"taxonomy":"category","embeddable":true,"href":"https:\/\/fg.ull.es\/noticias\/wp-json\/wp\/v2\/categories?post=37510"},{"taxonomy":"post_tag","embeddable":true,"href":"https:\/\/fg.ull.es\/noticias\/wp-json\/wp\/v2\/tags?post=37510"}],"curies":[{"name":"wp","href":"https:\/\/api.w.org\/{rel}","templated":true}]}}