{"id":37491,"date":"2018-06-19T10:54:16","date_gmt":"2018-06-19T09:54:16","guid":{"rendered":"https:\/\/fg.ull.es\/noticias\/?p=37491"},"modified":"2018-06-19T10:54:44","modified_gmt":"2018-06-19T09:54:44","slug":"primer-listado-provisional-de-la-convocatoria-de-seleccion-de-una-beca-formativa-de-investigacion-para-participar-en-el-proyecto-plan-de-actuacion-insular-frente-al-riesgo-volcanico-de-la-isl","status":"publish","type":"post","link":"https:\/\/fg.ull.es\/noticias\/2018\/06\/19\/primer-listado-provisional-de-la-convocatoria-de-seleccion-de-una-beca-formativa-de-investigacion-para-participar-en-el-proyecto-plan-de-actuacion-insular-frente-al-riesgo-volcanico-de-la-isl\/","title":{"rendered":"Primer listado provisional de la convocatoria de selecci\u00f3n de una beca formativa de investigaci\u00f3n para participar en el proyecto \u201cPlan de Actuaci\u00f3n Insular frente al riesgo volc\u00e1nico de la isla de Tenerife\u201d."},"content":{"rendered":"<h4>A continuaci\u00f3n, se presenta el listado provisional de aceptados\/as y excluidos\/as de la convocatoria de selecci\u00f3n de una beca para participar en el proyecto \u201cPlan de Actuaci\u00f3n Insular frente al riesgo volc\u00e1nico de la isla de Tenerife\u201d.<\/h4>\n<p>A partir de este momento, comienza el periodo de alegaciones que, en ning\u00fan caso, ser\u00e1 per\u00edodo de subsanaci\u00f3n de documentaci\u00f3n. Finalizado \u00e9ste, a las 23:59 horas del 22 de junio de 2018, y resueltas las alegaciones, se proceder\u00e1 a publicar el primer listado definitivo.<\/p>\n<p>Las alegaciones \u00fanica y exclusivamente se podr\u00e1n presentar telem\u00e1ticamente al correo electr\u00f3nico seleccion@fg.ull.es y utilizando el siguiente documento normalizado: documento de alegaciones\u00a0(<a href=\"https:\/\/drive.google.com\/file\/d\/1AjQ2_QoJh8y4Wk4pXTFHDmMWWJDjdPWj\/view\" target=\"_blank\" rel=\"noopener\">WORD<\/a>,\u00a0<a href=\"https:\/\/drive.google.com\/file\/d\/1DuuuV1M41CdeChfBIGuGTkTBnbaMQ-a0\/view\" target=\"_blank\" rel=\"noopener\">PDF<\/a>,\u00a0<a href=\"https:\/\/drive.google.com\/file\/d\/1ojwPeI6mI3VqEui-FawdtsWLyRuXbPJp\/view\" target=\"_blank\" rel=\"noopener\">ODT<\/a>).<\/p>\n<p>Para la inscripci\u00f3n es totalmente necesario el cumplimiento de los requisitos expuestos en las bases que se presentan a continuaci\u00f3n:<\/p>\n<ul>\n<li><a href=\"https:\/\/drive.google.com\/file\/d\/1xj_E8BvJCj1y_tQ6Sc5fcWmbUu5FS9HJ\/view\" target=\"_blank\" rel=\"noopener\">Perfil singular<\/a><\/li>\n<li><a href=\"https:\/\/drive.google.com\/file\/d\/0Bw3NGKR8uBCOWnRsUFN6bVcyODg\/view\" target=\"_blank\" rel=\"noopener\">Bases Generales<\/a><\/li>\n<\/ul>\n<p>Puede ver listado provisional <a href=\"https:\/\/drive.google.com\/open?id=1PncTfG1ZQUNJS-tm8Sxy1y2aGnp-ZzAu\" target=\"_blank\" rel=\"noopener\">aqu\u00ed<\/a>.<\/p>\n","protected":false},"excerpt":{"rendered":"<p>A continuaci\u00f3n, se presenta el listado provisional de aceptados\/as y excluidos\/as de la convocatoria de selecci\u00f3n de una beca para participar en el proyecto \u201cPlan de Actuaci\u00f3n Insular frente al riesgo volc\u00e1nico de la isla de Tenerife\u201d. A partir de este momento, comienza el periodo de alegaciones que, en ning\u00fan caso, ser\u00e1 per\u00edodo de subsanaci\u00f3n&#8230;<\/p>\n","protected":false},"author":5,"featured_media":0,"comment_status":"closed","ping_status":"closed","sticky":false,"template":"","format":"standard","meta":{"footnotes":""},"categories":[52,232],"tags":[75,98,44,30],"featured_image_thumbnail_url":null,"_links":{"self":[{"href":"https:\/\/fg.ull.es\/noticias\/wp-json\/wp\/v2\/posts\/37491"}],"collection":[{"href":"https:\/\/fg.ull.es\/noticias\/wp-json\/wp\/v2\/posts"}],"about":[{"href":"https:\/\/fg.ull.es\/noticias\/wp-json\/wp\/v2\/types\/post"}],"author":[{"embeddable":true,"href":"https:\/\/fg.ull.es\/noticias\/wp-json\/wp\/v2\/users\/5"}],"replies":[{"embeddable":true,"href":"https:\/\/fg.ull.es\/noticias\/wp-json\/wp\/v2\/comments?post=37491"}],"version-history":[{"count":2,"href":"https:\/\/fg.ull.es\/noticias\/wp-json\/wp\/v2\/posts\/37491\/revisions"}],"predecessor-version":[{"id":37493,"href":"https:\/\/fg.ull.es\/noticias\/wp-json\/wp\/v2\/posts\/37491\/revisions\/37493"}],"wp:attachment":[{"href":"https:\/\/fg.ull.es\/noticias\/wp-json\/wp\/v2\/media?parent=37491"}],"wp:term":[{"taxonomy":"category","embeddable":true,"href":"https:\/\/fg.ull.es\/noticias\/wp-json\/wp\/v2\/categories?post=37491"},{"taxonomy":"post_tag","embeddable":true,"href":"https:\/\/fg.ull.es\/noticias\/wp-json\/wp\/v2\/tags?post=37491"}],"curies":[{"name":"wp","href":"https:\/\/api.w.org\/{rel}","templated":true}]}}