{"id":37433,"date":"2018-06-25T14:39:08","date_gmt":"2018-06-25T13:39:08","guid":{"rendered":"https:\/\/fg.ull.es\/noticias\/?p=37433"},"modified":"2023-07-18T10:28:28","modified_gmt":"2023-07-18T09:28:28","slug":"los-medios-digitales-y-revistas-para-emprendedores-y-emprendedoras-que-debes-consultar-a-diario-para-estar-siempre-al-dia","status":"publish","type":"post","link":"https:\/\/fg.ull.es\/noticias\/2018\/06\/25\/los-medios-digitales-y-revistas-para-emprendedores-y-emprendedoras-que-debes-consultar-a-diario-para-estar-siempre-al-dia\/","title":{"rendered":"Los medios digitales y revistas para emprender que debes consultar a diario para estar siempre al d\u00eda"},"content":{"rendered":"<section class=\"wpb-content-wrapper\"><p>[vc_row][vc_column][vc_column_text]<span style=\"font-weight: 400\">En la actualidad, <\/span><b>convertirse en emprendedora o emprendedor es el sue\u00f1o de muchas personas.<\/b><span style=\"font-weight: 400\">\u00a0De hecho, desde la crisis econ\u00f3mica de 2008, el n\u00famero de personas que han decidido dar el paso hacia la creaci\u00f3n de su propia empresa <\/span><a href=\"https:\/\/fg.ull.es\/noticias\/2018\/03\/16\/auge-del-emprendimiento-en-espana\/\"><span style=\"font-weight: 400\">se ha disparado exponencialmente<\/span><\/a><span style=\"font-weight: 400\">. Gracias a ello, tambi\u00e9n han nacido un mont\u00f3n de <\/span><b>revistas para emprendedores\/as y medios digitales<\/b><span style=\"font-weight: 400\"> que aconsejan y analizan el sector.<\/span><\/p>\n<p><span style=\"font-weight: 400\">Las personas que inician su andadura profesional fomentando el autoempleo, a menudo se sienten solas y desplazadas.<\/span><b> No existen tantos foros a los que acudir y reunirse<\/b><span style=\"font-weight: 400\"> con otros trabajadores y trabajadoras con las mismas inquietudes: sindicatos, asociaciones, colegios\u2026<\/span><\/p>\n<p><span style=\"font-weight: 400\">El factor tiempo tambi\u00e9n juega en contra. Hay que comprender que la figura del aut\u00f3nomo es una persona que pr\u00e1cticamente camina a contracorriente. Suele gestionar toda la empresa y, a menudo , las 24 horas del d\u00eda.<\/span><\/p>\n<p><span style=\"font-weight: 400\">Con este panorama se hace necesario <\/span><b>encontrar canales de comunicaci\u00f3n<\/b><span style=\"font-weight: 400\"> que nos permitan tener referentes, que hablen de nuestros problemas reales, que analicen novedades del sector\u2026<\/span><\/p>\n<p><span style=\"font-weight: 400\">Es aqu\u00ed donde los medios de comunicaci\u00f3n y las revistas para la comunidad emprendedora han conseguido ocupar ese puesto de apoyo que tanta falta hac\u00eda, sobre todo a la persona emprendedora.\u00a0<\/span><\/p>\n<h2>Medios digitales dedicados al sector del emprendimiento<\/h2>\n<p><span style=\"font-weight: 400\">Afortunadamente existen muchos medios digitales a los que podemos acudir. Han surgido tambi\u00e9n a la luz del emprendimiento, como respuesta a las necesidades que tenemos las personas que nos encontramos en ese proceso emprendedor.\u00a0<\/span><\/p>\n<p><b>Las pymes y las <\/b><b><i>startups<\/i><\/b><b> precisamos de medios que afronten nuestra problem\u00e1tica bajo un prisma cercano, desde dentro<\/b><span style=\"font-weight: 400\">. No cabe duda de que iniciativas como las de la Fundaci\u00f3n General de la Universidad de La Laguna, ayudan a que el empresario\/a consiga un mejor acompa\u00f1amiento.\u00a0\u00a0<\/span><\/p>\n<p><span style=\"font-weight: 400\">Lo cierto es que, si acudes a una cita de asesoramiento con nuestro equipo de profesionales, sabr\u00e1s de qu\u00e9 te hablamos y podr\u00e1s beneficiarte de todos los recursos que ponemos a tu alcance. Pero tambi\u00e9n existen otros medios digitales que podr\u00e1n servirte para aprender t\u00e9cnicas que permitan avanzar a tu negocio y estar al d\u00eda de la actualidad de tu sector.<\/span><\/p>\n<p><span style=\"font-weight: 400\">Recursos y t\u00e9cnicas resultan imprescindibles para alcanzar un \u00f3ptimo nivel de productividad sin necesidad de pasar trabajando m\u00e1s horas de las necesarias. Confrontar casos de \u00e9xito, recibir asesoramiento y encontrar otros proyectos, ayuda a aliviar el estr\u00e9s de la soledad.<\/span><\/p>\n<h2><a href=\"http:\/\/bit.ly\/3JcrLB1\"><img decoding=\"async\" loading=\"lazy\" class=\"aligncenter wp-image-44034 size-full\" src=\"https:\/\/fg.ull.es\/noticias\/wp-content\/uploads\/sites\/2\/2018\/09\/CTAS_-5.jpg\" alt=\"\" width=\"2501\" height=\"855\" srcset=\"https:\/\/fg.ull.es\/noticias\/wp-content\/uploads\/sites\/2\/2018\/09\/CTAS_-5.jpg 2501w, https:\/\/fg.ull.es\/noticias\/wp-content\/uploads\/sites\/2\/2018\/09\/CTAS_-5-300x103.jpg 300w, https:\/\/fg.ull.es\/noticias\/wp-content\/uploads\/sites\/2\/2018\/09\/CTAS_-5-768x263.jpg 768w, https:\/\/fg.ull.es\/noticias\/wp-content\/uploads\/sites\/2\/2018\/09\/CTAS_-5-1024x350.jpg 1024w, https:\/\/fg.ull.es\/noticias\/wp-content\/uploads\/sites\/2\/2018\/09\/CTAS_-5-375x128.jpg 375w, https:\/\/fg.ull.es\/noticias\/wp-content\/uploads\/sites\/2\/2018\/09\/CTAS_-5-750x256.jpg 750w, https:\/\/fg.ull.es\/noticias\/wp-content\/uploads\/sites\/2\/2018\/09\/CTAS_-5-1140x390.jpg 1140w\" sizes=\"(max-width: 2501px) 100vw, 2501px\" \/><\/a><\/h2>\n<h2>\u00bfD\u00f3nde encontrar recursos digitales?<span style=\"font-weight: 400\"><br \/>\n<\/span><\/h2>\n<p><span style=\"font-weight: 400\">Los grandes medios espa\u00f1oles han aportado su granito de arena con respecto al ecosistema emprendedor. Por ello, las versiones digitales de <\/span><a href=\"https:\/\/elpais.com\/tag\/emprendedores\/a\/\"><span style=\"font-weight: 400\">El Pa\u00eds<\/span><\/a><span style=\"font-weight: 400\">, <\/span><a href=\"https:\/\/www.elconfidencial.com\/tags\/economia\/emprendedores-4800\/\"><span style=\"font-weight: 400\">El Confidencial<\/span><\/a><span style=\"font-weight: 400\"> ,<\/span><a href=\"https:\/\/www.efe.com\/efe\/espana\/1\"><span style=\"font-weight: 400\">la agencia EFE<\/span><\/a><span style=\"font-weight: 400\"> o <\/span><a href=\"https:\/\/es.reuters.com\/news\/business\"><span style=\"font-weight: 400\">Reuters<\/span><\/a><span style=\"font-weight: 400\">, han creado sus propias iniciativas.<\/span><\/p>\n<p><span style=\"font-weight: 400\">Se trata de una serie de medios digitales con <\/span><b>noticias, an\u00e1lisis econ\u00f3micos, novedades y casos pr\u00e1cticos de \u00e9xito<\/b><span style=\"font-weight: 400\">. Sirven para que te apoyes en ellos y puedas sacar tus propias conclusiones. A la vez, consigues informaci\u00f3n de primera mano de los emprendedores y emprendedoras m\u00e1s importantes del pa\u00eds.<\/span><\/p>\n<p><span style=\"font-weight: 400\">Dentro del campo de los medios digitales no podemos dejar de lado un pu\u00f1ado de blogs que tambi\u00e9n se han enfocado al mundo del emprendimiento y apuestan por la conciliaci\u00f3n. Es el caso de<\/span><a href=\"https:\/\/loogic.com\/\"> <b>Loogic<\/b><\/a><span style=\"font-weight: 400\">. Ellos se han centrado en recopilar todo tipo de informaci\u00f3n acerca de <\/span><b>empresarios, inversiones, comercio electr\u00f3nico y TI<\/b><span style=\"font-weight: 400\">. La forma en que acercan la informaci\u00f3n te resultar\u00e1 muy amena.<\/span><\/p>\n<p><span style=\"font-weight: 400\">El caso de <\/span><a href=\"https:\/\/novobrief.com\/\"><span style=\"font-weight: 400\">Novobrief<\/span><\/a><span style=\"font-weight: 400\"> es realmente novedoso. Son de Espa\u00f1a, pero se han especializado en<\/span><b> medios para las <\/b><b><i>startups<\/i><\/b><span style=\"font-weight: 400\">. Escriben sus art\u00edculos en ingl\u00e9s, pero te ser\u00e1n muy \u00fatiles en materia de <\/span><b>aceleradoras, incubadoras e inversiones.<\/b><\/p>\n<p><a href=\"http:\/\/www.ticbeat.com\/\"><span style=\"font-weight: 400\">TICbeat<\/span><\/a><span style=\"font-weight: 400\"> ya se ha convertido en una p\u00e1gina veterana. Aqu\u00ed te cuentan todo lo que se cuece sobre <\/span><b>Nuevas Tecnolog\u00edas, empresas e innovaci\u00f3n.<\/b><span style=\"font-weight: 400\">\u00a0Tambi\u00e9n, aportan su granito de arena para hacer que tengas a mano lo \u00faltimo, lo que m\u00e1s falta te hace para que tu negocio te demande menos tiempo y puedas llevar a cabo tu emprendimiento y seguir apostando por tu empresa.<\/span><\/p>\n<p><span style=\"font-weight: 400\">Por \u00faltimo, <\/span><a href=\"https:\/\/www.muypymes.com\/gestion\"><span style=\"font-weight: 400\">MyPymes<\/span><\/a><span style=\"font-weight: 400\"> tiene incluso un centro de recursos que te ayudar\u00e1n a gestionar mejor tu empresa y a poder robar un poco de tiempo para ti.<\/span><\/p>\n<p><span style=\"font-weight: 400\">Por supuesto, al hablar de medios digitales sobre emprendimiento, no podemos olvidar <strong>nuestro propio blog de Emprende.ull,<\/strong> desde el que nos est\u00e1s leyendo, y donde queremos dar a la comunidad emprendedora recursos actualizados para ayudarlos a\u00fan m\u00e1s en sus proyectos.<\/span><\/p>\n<h2>Revistas para emprender<\/h2>\n<p><span style=\"font-weight: 400\">Ya hemos hablado de la expansi\u00f3n que se ha llevado a cabo en el sector del emprendimiento. Al abrigo de este enorme paraguas de empresarias y empresarios, han nacido tambi\u00e9n una serie de revistas enfocadas al sector. No dudes en aprovecharte de ellas. <\/span><b>Su lectura te ofrece informaci\u00f3n muy valiosa<\/b><span style=\"font-weight: 400\">.<\/span><\/p>\n<p><span style=\"font-weight: 400\">Tal vez una de las m\u00e1s conocidas sea, precisamente, <\/span><a href=\"http:\/\/www.emprendedores.es\/\"><span style=\"font-weight: 400\">Emprendedores<\/span><\/a><span style=\"font-weight: 400\">. En esta revista digital puedes encontrar todos los <\/span><b>recursos necesarios para crear y hacer crecer tu empresa<\/b><span style=\"font-weight: 400\">.<\/span><\/p>\n<p><a href=\"https:\/\/www.forbes.com\/entrepreneurs\/#386f24833035\"><span style=\"font-weight: 400\">Forbes<\/span><\/a><span style=\"font-weight: 400\"> es una leyenda. Una de las revistas m\u00e1s importantes a nivel mundial, que pone a tu alcance la experiencia y la solvencia de las mejores empresas del planeta. No se les escapa nada.<\/span><\/p>\n<p><span style=\"font-weight: 400\">En este caso, <\/span><a href=\"http:\/\/www.elreferente.es\/\"><span style=\"font-weight: 400\">El Referente<\/span><\/a><span style=\"font-weight: 400\"> comenz\u00f3 haci\u00e9ndose eco de las propuestas universitarias. Hoy en d\u00eda es una de las revistas especializadas en <\/span><b>emprendedores,emprendedoras, proyectos de <\/b><b><i>crowdfunding<\/i><\/b><b>, innovadores, <\/b><b><i>blockchain<\/i><\/b><b>\u2026<\/b><\/p>\n<p><a href=\"http:\/\/empleayemprende.com\/\"><span style=\"font-weight: 400\">Emplea y Emprende<\/span><\/a><span style=\"font-weight: 400\"> deja claras cu\u00e1les son sus intenciones. La verdad es que resulta de mucha utilidad. Da un papel protagonista <\/span><b>a la comunidad emprendedora y a las <\/b><b><i>fintech<\/i><\/b><span style=\"font-weight: 400\">, con lo que consigue tambi\u00e9n dotarte de una buena fuente de informaci\u00f3n para tus finanzas.<\/span><\/p>\n<h2>El objetivo: aprovechar los recursos por todos los medios<span style=\"font-weight: 400\"><br \/>\n<\/span><\/h2>\n<p><span style=\"font-weight: 400\">Est\u00e1 claro, emprender es el camino que han elegido miles de espa\u00f1oles y espa\u00f1olas para labrar su propio futuro.<\/span><\/p>\n<p><span style=\"font-weight: 400\">Adem\u00e1s de revistas para la comunidad emprendedora y publicaciones en general, tambi\u00e9n puedes estar al d\u00eda gracias a otros recursos exclusivos<\/span><span style=\"font-weight: 400\">. Es el caso de <\/span><a href=\"https:\/\/www.ivoox.com\/podcast-emprendetech_sq_f1262675_1.html\"><span style=\"font-weight: 400\">Empr\u00e9ndetech<\/span><\/a><span style=\"font-weight: 400\">, el programa de radio de la Agencia EFE, especializado en autoempleo y empresa.<\/span><\/p>\n<p><span style=\"font-weight: 400\">Otro programa dedicado al emprendimiento es <\/span><a href=\"https:\/\/twitter.com\/WHATSCOOKINGOCR\"><span style=\"font-weight: 400\">What\u2019s cooking<\/span><\/a><span style=\"font-weight: 400\">, de Onda Cero u <\/span><a href=\"https:\/\/prnoticias.com\/podcast\/ondacro\"><span style=\"font-weight: 400\">Onda Cro<\/span><\/a><span style=\"font-weight: 400\">, del grupo PRnoticias, con una radio que dirige todo su espacio hacia el marketing, las nuevas tendencias en tecnolog\u00eda, informaci\u00f3n econ\u00f3mica y emprendedores.<\/span><\/p>\n<p><span style=\"font-weight: 400\">Hemos querido dar esta pincelada tambi\u00e9n en emisoras de radio especializadas\u00a0porque la comunidad emprendedora pasa mucho tiempo conduciendo o traslad\u00e1ndose de un lado a otro. De esta manera, tambi\u00e9n podr\u00e1 seguir los programas radiof\u00f3nicos que se dedican a su sector. En el caso de <strong>Emprende.ull<\/strong>, tienen habilitado un espacio en <strong>Radio El D\u00eda<\/strong>.<\/span><\/p>\n<p><span style=\"font-weight: 400\">Adem\u00e1s de los medios digitales y revistas que te hemos expuesto en este post y la infinidad que puedes encontrar en la red, recuerda que el equipo de Emprende.ull resolver\u00e1 tus dudas y te ayudar\u00e1 a poner en marcha tu proyecto. <a href=\"http:\/\/bit.ly\/3JcrLB1\"><strong>\u00a1Estamos para ayudarte! <\/strong><\/a><\/span><!--more-->[\/vc_column_text][\/vc_column][\/vc_row][vc_row][vc_column][vc_empty_space][vc_btn title=&#8221;\u00bfQui\u00e9res saber m\u00e1s? \u00a1Pide cita!&#8221; color=&#8221;violet&#8221; align=&#8221;center&#8221; button_block=&#8221;true&#8221; link=&#8221;url:http%3A%2F%2Fbit.ly%2F3JcrLB1&#8243;][\/vc_column][\/vc_row][vc_row][vc_column][vc_column_text][\/vc_column_text][\/vc_column][\/vc_row]<\/p>\n<\/section>","protected":false},"excerpt":{"rendered":"<p>[vc_row][vc_column][vc_column_text]En la actualidad, convertirse en emprendedora o emprendedor es el sue\u00f1o de muchas personas.\u00a0De hecho, desde la crisis econ\u00f3mica de 2008, el n\u00famero de personas que han decidido dar el paso hacia la creaci\u00f3n de su propia empresa se ha disparado exponencialmente. Gracias a ello, tambi\u00e9n han nacido un mont\u00f3n de revistas para emprendedores\/as y&#8230;<\/p>\n","protected":false},"author":10,"featured_media":37603,"comment_status":"closed","ping_status":"closed","sticky":false,"template":"","format":"standard","meta":{"footnotes":""},"categories":[38,374,278],"tags":[251,92],"featured_image_thumbnail_url":"https:\/\/fg.ull.es\/noticias\/wp-content\/uploads\/sites\/2\/2018\/06\/girl-791231_1920-300x200.jpg","_links":{"self":[{"href":"https:\/\/fg.ull.es\/noticias\/wp-json\/wp\/v2\/posts\/37433"}],"collection":[{"href":"https:\/\/fg.ull.es\/noticias\/wp-json\/wp\/v2\/posts"}],"about":[{"href":"https:\/\/fg.ull.es\/noticias\/wp-json\/wp\/v2\/types\/post"}],"author":[{"embeddable":true,"href":"https:\/\/fg.ull.es\/noticias\/wp-json\/wp\/v2\/users\/10"}],"replies":[{"embeddable":true,"href":"https:\/\/fg.ull.es\/noticias\/wp-json\/wp\/v2\/comments?post=37433"}],"version-history":[{"count":16,"href":"https:\/\/fg.ull.es\/noticias\/wp-json\/wp\/v2\/posts\/37433\/revisions"}],"predecessor-version":[{"id":54103,"href":"https:\/\/fg.ull.es\/noticias\/wp-json\/wp\/v2\/posts\/37433\/revisions\/54103"}],"wp:featuredmedia":[{"embeddable":true,"href":"https:\/\/fg.ull.es\/noticias\/wp-json\/wp\/v2\/media\/37603"}],"wp:attachment":[{"href":"https:\/\/fg.ull.es\/noticias\/wp-json\/wp\/v2\/media?parent=37433"}],"wp:term":[{"taxonomy":"category","embeddable":true,"href":"https:\/\/fg.ull.es\/noticias\/wp-json\/wp\/v2\/categories?post=37433"},{"taxonomy":"post_tag","embeddable":true,"href":"https:\/\/fg.ull.es\/noticias\/wp-json\/wp\/v2\/tags?post=37433"}],"curies":[{"name":"wp","href":"https:\/\/api.w.org\/{rel}","templated":true}]}}