{"id":37361,"date":"2018-06-11T16:06:22","date_gmt":"2018-06-11T15:06:22","guid":{"rendered":"https:\/\/fg.ull.es\/noticias\/?p=37361"},"modified":"2018-06-11T16:06:22","modified_gmt":"2018-06-11T15:06:22","slug":"segundos-listados-provisionales-de-la-convocatoria-de-seleccion-de-personal-para-participar-en-el-proyecto-barrios-por-el-empleo-juntos-mas-fuertes-perfiles-prospector-a-2018bde01","status":"publish","type":"post","link":"https:\/\/fg.ull.es\/noticias\/2018\/06\/11\/segundos-listados-provisionales-de-la-convocatoria-de-seleccion-de-personal-para-participar-en-el-proyecto-barrios-por-el-empleo-juntos-mas-fuertes-perfiles-prospector-a-2018bde01\/","title":{"rendered":"Segundos listados provisionales de la convocatoria de selecci\u00f3n de personal para participar en el proyecto \u201cBarrios por el empleo: Juntos m\u00e1s fuertes\u201d, perfiles prospector\/a (2018BDE011) y orientador\/a (2018BDE012)"},"content":{"rendered":"<h4>A continuaci\u00f3n, se presentan los segundos listados provisionales de aceptados\/as y excluidos\/as de la convocatoria de selecci\u00f3n de personal para participar en el proyecto \u201c<em>Barrios por el empleo: Juntos m\u00e1s fuertes<\/em>\u201d (Perfiles orientador\/a y prospector\/a)<\/h4>\n<p>A partir de este momento, comienza el periodo de alegaciones que, en ning\u00fan caso, ser\u00e1 periodo de subsanaci\u00f3n de documentaci\u00f3n. Finalizado \u00e9ste, a las 23:59 horas del 23 de mayo de 2018, y resueltas \u00e9stas, se proceder\u00e1n a publicar los primeros listados definitivos.<\/p>\n<ul>\n<li><a href=\"https:\/\/drive.google.com\/file\/d\/181yfAHbF0rsobd-8h2z_WUju1hrS_X6i\/view?usp=sharing\" target=\"_blank\" rel=\"noopener\">Segundo listado provisional perfil prospector\/a (2018BDE011)<\/a><\/li>\n<li><a href=\"https:\/\/drive.google.com\/file\/d\/14Beiu2uicSLYfSyi72DAL4hbvUs4j58o\/view?usp=sharing\" target=\"_blank\" rel=\"noopener\">Segundo listado provisional perfil orientador\/a (2018BDE012)<\/a><\/li>\n<\/ul>\n<p>Las alegaciones \u00fanica y exclusivamente se podr\u00e1n presentar telem\u00e1ticamente al correo electr\u00f3nico seleccion@fg.ull.es y utilizando el siguiente documento normalizado: documento de alegaciones\u00a0(<a href=\"https:\/\/drive.google.com\/file\/d\/1AjQ2_QoJh8y4Wk4pXTFHDmMWWJDjdPWj\/view\" target=\"_blank\" rel=\"noopener\">WORD<\/a>,\u00a0<a href=\"https:\/\/drive.google.com\/file\/d\/1DuuuV1M41CdeChfBIGuGTkTBnbaMQ-a0\/view\" target=\"_blank\" rel=\"noopener\">PDF<\/a>,\u00a0<a href=\"https:\/\/drive.google.com\/file\/d\/1ojwPeI6mI3VqEui-FawdtsWLyRuXbPJp\/view\" target=\"_blank\" rel=\"noopener\">ODT<\/a>).<\/p>\n<p>Para la valoraci\u00f3n de todas y cada una de las candidaturas, y de los futuros procesos, se ha tomado\/tomar\u00e1 como fundamento lo especificado en:<\/p>\n<ul>\n<li><a href=\"https:\/\/drive.google.com\/open?id=1daeLE6tdZunrD8Zn3RjzTLi9iYfDfN63\" target=\"_blank\" rel=\"noopener\">Bases generales<\/a><\/li>\n<li><a href=\"https:\/\/drive.google.com\/file\/d\/1LCWOM7Os8JK24-TITJXO-KC6L3CtEFzF\/view?usp=sharing\" target=\"_blank\" rel=\"noopener\">Perfil singular prospecci\u00f3n (2018BDE011)<\/a><\/li>\n<li><a href=\"https:\/\/drive.google.com\/file\/d\/1euMMFBW60AOQ4XQXWichfU4lXf8fNtDE\/view?usp=sharing\" target=\"_blank\" rel=\"noopener\">Perfil singular orientaci\u00f3n (2018BDE012)<\/a><\/li>\n<\/ul>\n","protected":false},"excerpt":{"rendered":"<p>A continuaci\u00f3n, se presentan los segundos listados provisionales de aceptados\/as y excluidos\/as de la convocatoria de selecci\u00f3n de personal para participar en el proyecto \u201cBarrios por el empleo: Juntos m\u00e1s fuertes\u201d (Perfiles orientador\/a y prospector\/a) A partir de este momento, comienza el periodo de alegaciones que, en ning\u00fan caso, ser\u00e1 periodo de subsanaci\u00f3n de documentaci\u00f3n&#8230;.<\/p>\n","protected":false},"author":5,"featured_media":0,"comment_status":"closed","ping_status":"closed","sticky":false,"template":"","format":"standard","meta":{"footnotes":""},"categories":[52,232],"tags":[98,44,30],"featured_image_thumbnail_url":null,"_links":{"self":[{"href":"https:\/\/fg.ull.es\/noticias\/wp-json\/wp\/v2\/posts\/37361"}],"collection":[{"href":"https:\/\/fg.ull.es\/noticias\/wp-json\/wp\/v2\/posts"}],"about":[{"href":"https:\/\/fg.ull.es\/noticias\/wp-json\/wp\/v2\/types\/post"}],"author":[{"embeddable":true,"href":"https:\/\/fg.ull.es\/noticias\/wp-json\/wp\/v2\/users\/5"}],"replies":[{"embeddable":true,"href":"https:\/\/fg.ull.es\/noticias\/wp-json\/wp\/v2\/comments?post=37361"}],"version-history":[{"count":1,"href":"https:\/\/fg.ull.es\/noticias\/wp-json\/wp\/v2\/posts\/37361\/revisions"}],"predecessor-version":[{"id":37362,"href":"https:\/\/fg.ull.es\/noticias\/wp-json\/wp\/v2\/posts\/37361\/revisions\/37362"}],"wp:attachment":[{"href":"https:\/\/fg.ull.es\/noticias\/wp-json\/wp\/v2\/media?parent=37361"}],"wp:term":[{"taxonomy":"category","embeddable":true,"href":"https:\/\/fg.ull.es\/noticias\/wp-json\/wp\/v2\/categories?post=37361"},{"taxonomy":"post_tag","embeddable":true,"href":"https:\/\/fg.ull.es\/noticias\/wp-json\/wp\/v2\/tags?post=37361"}],"curies":[{"name":"wp","href":"https:\/\/api.w.org\/{rel}","templated":true}]}}