{"id":37355,"date":"2018-06-11T13:58:37","date_gmt":"2018-06-11T12:58:37","guid":{"rendered":"https:\/\/fg.ull.es\/noticias\/?p=37355"},"modified":"2018-06-11T14:01:05","modified_gmt":"2018-06-11T13:01:05","slug":"resolucion-definitiva-de-adjudicaciones-de-becas-de-internacionalizacion-idiomatica-e-inmersion-linguistica-en-ingles-para-grado-en-maestro-a-en-educacion-infantil-y-grado-en-maestro-a-en-educacion-pr","status":"publish","type":"post","link":"https:\/\/fg.ull.es\/noticias\/2018\/06\/11\/resolucion-definitiva-de-adjudicaciones-de-becas-de-internacionalizacion-idiomatica-e-inmersion-linguistica-en-ingles-para-grado-en-maestro-a-en-educacion-infantil-y-grado-en-maestro-a-en-educacion-pr\/","title":{"rendered":"Resoluci\u00f3n definitiva de adjudicaciones de becas de Internacionalizaci\u00f3n Idiom\u00e1tica e Inmersi\u00f3n Ling\u00fc\u00edstica en ingl\u00e9s para Grado en Maestro\/a en Educaci\u00f3n Infantil y Grado en Maestro\/a en Educaci\u00f3n Primaria, ambos con menci\u00f3n en ingl\u00e9s"},"content":{"rendered":"<p>Con la presente se publica el listado de becas adjudicadas:<\/p>\n<p>&#8211; <a href=\"https:\/\/drive.google.com\/file\/d\/13e5P0zxV6hV_RFN5Sy-gX1zhjhmnO8Dl\/view?usp=sharing\" target=\"_blank\" rel=\"noopener\">Resoluci\u00f3n definitiva de adjudicaci\u00f3n<\/a> Becas de Internacionalizaci\u00f3n Idiom\u00e1tica e Inmersi\u00f3n Ling\u00fc\u00edstica en ingl\u00e9s para alumnado de Grado en Maestro\/a en Educaci\u00f3n Infantil con menci\u00f3n de ingl\u00e9s y Grado en Maestro\/a en Educaci\u00f3n Primaria con menci\u00f3n en ingl\u00e9s del curso 2017\/2018 y para titulados\/as en el curso 2016\/2017<\/p>\n<p>Las personas con beca concedida deben aceptar la beca y hacer la propuesta de desplazamiento seg\u00fan los plazos establecidos:<\/p>\n<ul>\n<li>\u00a0Se establece un plazo de 5 d\u00edas h\u00e1biles, que finaliza el 18 de junio, para que las personas con beca concedida firmen la aceptaci\u00f3n o no aceptaci\u00f3n de la misma, en caso contrario se entiende que desisten.<\/li>\n<li>Se establece un plazo de 30 d\u00edas naturales, desde la aceptaci\u00f3n de la beca, para que presente a la comisi\u00f3n de evaluaci\u00f3n, para su valoraci\u00f3n, una propuesta de deslazamiento que incluya la realizaci\u00f3n de un curso intensivo de ingl\u00e9s en un pa\u00eds de habla inglesa de, al menos, 20 horas semanales de clases y un m\u00ednimo de 6 semanas de duraci\u00f3n, a realizar desde la aceptaci\u00f3n de la beca hasta el 31 de octubre de 2018.<\/li>\n<\/ul>\n<p>La aceptaci\u00f3n de la beca y la presentaci\u00f3n de propuestas se har\u00e1n en la secretar\u00eda de la Fundaci\u00f3n o enviando la documentaci\u00f3n firmada al correo electr\u00f3nico formacion@fg.ull.es<\/p>\n<ul>\n<li><a href=\"https:\/\/drive.google.com\/file\/d\/1AszcLTrTzwSa6E1Ku9ZSChdGTID9BVvt\/view?usp=sharing\" target=\"_blank\" rel=\"noopener\">Documento de aceptaci\u00f3n<\/a><\/li>\n<li><a href=\"https:\/\/drive.google.com\/file\/d\/1BLVIndW03XrvNqejn-THkiUNcmC0Pcvr\/view?usp=sharing\" target=\"_blank\" rel=\"noopener\">Documento de adjunto de propuesta<\/a><\/li>\n<\/ul>\n","protected":false},"excerpt":{"rendered":"<p>Con la presente se publica el listado de becas adjudicadas: &#8211; Resoluci\u00f3n definitiva de adjudicaci\u00f3n Becas de Internacionalizaci\u00f3n Idiom\u00e1tica e Inmersi\u00f3n Ling\u00fc\u00edstica en ingl\u00e9s para alumnado de Grado en Maestro\/a en Educaci\u00f3n Infantil con menci\u00f3n de ingl\u00e9s y Grado en Maestro\/a en Educaci\u00f3n Primaria con menci\u00f3n en ingl\u00e9s del curso 2017\/2018 y para titulados\/as en&#8230;<\/p>\n","protected":false},"author":6,"featured_media":0,"comment_status":"closed","ping_status":"closed","sticky":false,"template":"","format":"standard","meta":{"footnotes":""},"categories":[232],"tags":[],"featured_image_thumbnail_url":null,"_links":{"self":[{"href":"https:\/\/fg.ull.es\/noticias\/wp-json\/wp\/v2\/posts\/37355"}],"collection":[{"href":"https:\/\/fg.ull.es\/noticias\/wp-json\/wp\/v2\/posts"}],"about":[{"href":"https:\/\/fg.ull.es\/noticias\/wp-json\/wp\/v2\/types\/post"}],"author":[{"embeddable":true,"href":"https:\/\/fg.ull.es\/noticias\/wp-json\/wp\/v2\/users\/6"}],"replies":[{"embeddable":true,"href":"https:\/\/fg.ull.es\/noticias\/wp-json\/wp\/v2\/comments?post=37355"}],"version-history":[{"count":5,"href":"https:\/\/fg.ull.es\/noticias\/wp-json\/wp\/v2\/posts\/37355\/revisions"}],"predecessor-version":[{"id":37360,"href":"https:\/\/fg.ull.es\/noticias\/wp-json\/wp\/v2\/posts\/37355\/revisions\/37360"}],"wp:attachment":[{"href":"https:\/\/fg.ull.es\/noticias\/wp-json\/wp\/v2\/media?parent=37355"}],"wp:term":[{"taxonomy":"category","embeddable":true,"href":"https:\/\/fg.ull.es\/noticias\/wp-json\/wp\/v2\/categories?post=37355"},{"taxonomy":"post_tag","embeddable":true,"href":"https:\/\/fg.ull.es\/noticias\/wp-json\/wp\/v2\/tags?post=37355"}],"curies":[{"name":"wp","href":"https:\/\/api.w.org\/{rel}","templated":true}]}}