{"id":37280,"date":"2018-06-07T13:09:20","date_gmt":"2018-06-07T12:09:20","guid":{"rendered":"https:\/\/fg.ull.es\/noticias\/?p=37280"},"modified":"2018-07-19T10:06:08","modified_gmt":"2018-07-19T09:06:08","slug":"resolucion-provisional-de-adjudicaciones-del-programa-inmersion-linguistica-y-laboral-verano-2018","status":"publish","type":"post","link":"https:\/\/fg.ull.es\/noticias\/2018\/06\/07\/resolucion-provisional-de-adjudicaciones-del-programa-inmersion-linguistica-y-laboral-verano-2018\/","title":{"rendered":"Resoluci\u00f3n provisional de adjudicaciones del \u201cPrograma inmersi\u00f3n ling\u00fc\u00edstica y laboral: verano 2018\u201d"},"content":{"rendered":"<p>Baremadas las solicitudes admitidas al procedimiento se publican los listados provisionales de adjudicaciones:<\/p>\n<p><a href=\"https:\/\/drive.google.com\/file\/d\/1-W-P9o7hxCIYNpQ4-w9Dt5k7PuLCqs3M\/view?usp=sharing\" target=\"_blank\" rel=\"noopener\">Resoluci\u00f3n provisional de adjudicaciones y reservas<\/a><\/p>\n<p><a href=\"https:\/\/drive.google.com\/file\/d\/1hKF9EjPCaCxB8GWLcZrUYRPi_DQIB1CL\/view?usp=sharing\" target=\"_blank\" rel=\"noopener\">Documento de alegaciones<\/a><\/p>\n<p>Se establece un plazo de 3 d\u00edas naturales, que comienza ma\u00f1ana 8 de junio y finaliza el 10 de junio de 2018, para subsanar los defectos advertidos o para formular alegaciones si consideran indebida la exclusi\u00f3n, que en ning\u00fan caso supone la presentaci\u00f3n de documentaci\u00f3n nueva. \u00c9stas se har\u00e1n, de forma exclusiva, enviando el <a href=\"https:\/\/drive.google.com\/file\/d\/1hKF9EjPCaCxB8GWLcZrUYRPi_DQIB1CL\/view?usp=sharing\" target=\"_blank\" rel=\"noopener\">documento de alegaci\u00f3n<\/a> que se encuentra en la web, junto con la documentaci\u00f3n, al correo electr\u00f3nico: <a href=\"mailto:formacion@fg.ull.es\">formacion@fg.ull.es<\/a><\/p>\n<p>Finalizado dicho plazo y resueltas las alegaciones presentadas se proceder\u00e1 a publicar los listados definitivos de adjudicaciones y reservas<\/p>\n<p>Para la valoraci\u00f3n de todas y cada una de las candidaturas se ha tomado\/tomar\u00e1 como fundamento lo especificado en las bases de la convocatoria.<\/p>\n","protected":false},"excerpt":{"rendered":"<p>Baremadas las solicitudes admitidas al procedimiento se publican los listados provisionales de adjudicaciones: Resoluci\u00f3n provisional de adjudicaciones y reservas Documento de alegaciones Se establece un plazo de 3 d\u00edas naturales, que comienza ma\u00f1ana 8 de junio y finaliza el 10 de junio de 2018, para subsanar los defectos advertidos o para formular alegaciones si consideran&#8230;<\/p>\n","protected":false},"author":6,"featured_media":0,"comment_status":"closed","ping_status":"closed","sticky":false,"template":"","format":"standard","meta":{"footnotes":""},"categories":[232],"tags":[],"featured_image_thumbnail_url":null,"_links":{"self":[{"href":"https:\/\/fg.ull.es\/noticias\/wp-json\/wp\/v2\/posts\/37280"}],"collection":[{"href":"https:\/\/fg.ull.es\/noticias\/wp-json\/wp\/v2\/posts"}],"about":[{"href":"https:\/\/fg.ull.es\/noticias\/wp-json\/wp\/v2\/types\/post"}],"author":[{"embeddable":true,"href":"https:\/\/fg.ull.es\/noticias\/wp-json\/wp\/v2\/users\/6"}],"replies":[{"embeddable":true,"href":"https:\/\/fg.ull.es\/noticias\/wp-json\/wp\/v2\/comments?post=37280"}],"version-history":[{"count":5,"href":"https:\/\/fg.ull.es\/noticias\/wp-json\/wp\/v2\/posts\/37280\/revisions"}],"predecessor-version":[{"id":37984,"href":"https:\/\/fg.ull.es\/noticias\/wp-json\/wp\/v2\/posts\/37280\/revisions\/37984"}],"wp:attachment":[{"href":"https:\/\/fg.ull.es\/noticias\/wp-json\/wp\/v2\/media?parent=37280"}],"wp:term":[{"taxonomy":"category","embeddable":true,"href":"https:\/\/fg.ull.es\/noticias\/wp-json\/wp\/v2\/categories?post=37280"},{"taxonomy":"post_tag","embeddable":true,"href":"https:\/\/fg.ull.es\/noticias\/wp-json\/wp\/v2\/tags?post=37280"}],"curies":[{"name":"wp","href":"https:\/\/api.w.org\/{rel}","templated":true}]}}