{"id":37218,"date":"2018-06-05T10:57:10","date_gmt":"2018-06-05T09:57:10","guid":{"rendered":"https:\/\/fg.ull.es\/noticias\/?p=37218"},"modified":"2018-06-05T10:57:10","modified_gmt":"2018-06-05T09:57:10","slug":"segundo-listado-definitivo-del-proceso-de-seleccion-de-una-beca-formativa-de-investigacion-para-participar-en-el-proyecto-revision-de-la-lista-de-las-especies-silvestres-terrestres-y-marinas","status":"publish","type":"post","link":"https:\/\/fg.ull.es\/noticias\/2018\/06\/05\/segundo-listado-definitivo-del-proceso-de-seleccion-de-una-beca-formativa-de-investigacion-para-participar-en-el-proyecto-revision-de-la-lista-de-las-especies-silvestres-terrestres-y-marinas\/","title":{"rendered":"Segundo listado definitivo del proceso de selecci\u00f3n de una beca formativa de investigaci\u00f3n para participar en el proyecto \u201cRevisi\u00f3n de la lista de las especies silvestres terrestres y marinas de Canarias, as\u00ed como la georreferenciaci\u00f3n de las especies de moluscos marinos y algas, para su registro en el Banco de Datos de Biodiversidad de Canarias\u201d (2018BDE010)\u201d"},"content":{"rendered":"<h4>A continuaci\u00f3n, se presenta el segundo listado definitivo de aceptados\/as y excluidos\/as de la convocatoria de selecci\u00f3n de personal para participar en el proyecto \u201cRevisi\u00f3n de la lista de las especies silvestres terrestres y marinas de Canarias, as\u00ed como la georreferenciaci\u00f3n de las especies de moluscos marinos y algas, para su registro en el Banco de Datos de Biodiversidad de Canarias\u201d<\/h4>\n<p>Finalizado el periodo de alegaciones se procede a publicar el listado definitivo con las personas que conforman la bolsa para participar en el mencionado proyecto.<\/p>\n<p>Para la valoraci\u00f3n de todas y cada una de las candidaturas, y de los futuros procesos, se ha tomado\/tomar\u00e1 como fundamento lo especificado en:<\/p>\n<ul>\n<li><a href=\"https:\/\/drive.google.com\/file\/d\/1Bly9FfUecctF7PLnPEU3GxuqG8R0KgqL\/view?usp=sharing\" target=\"_blank\" rel=\"noopener\">Bases generales<\/a><\/li>\n<li><a href=\"https:\/\/drive.google.com\/file\/d\/1G8tLFWPnZ32gMNZfct41M90JyjaQx4wp\/view?usp=sharing\" target=\"_blank\" rel=\"noopener\">Perfil singular<\/a><\/li>\n<\/ul>\n<p>Puede ver el listado 2\u00ba Listado Definitivo <a href=\"https:\/\/drive.google.com\/file\/d\/1xuquyqdpBazLMwViPs7lII-QNBX9JxqG\/view?usp=sharing\" target=\"_blank\" rel=\"noopener\">aqu\u00ed<\/a>.<\/p>\n","protected":false},"excerpt":{"rendered":"<p>A continuaci\u00f3n, se presenta el segundo listado definitivo de aceptados\/as y excluidos\/as de la convocatoria de selecci\u00f3n de personal para participar en el proyecto \u201cRevisi\u00f3n de la lista de las especies silvestres terrestres y marinas de Canarias, as\u00ed como la georreferenciaci\u00f3n de las especies de moluscos marinos y algas, para su registro en el Banco&#8230;<\/p>\n","protected":false},"author":5,"featured_media":0,"comment_status":"closed","ping_status":"closed","sticky":false,"template":"","format":"standard","meta":{"footnotes":""},"categories":[52,232],"tags":[75,44,30],"featured_image_thumbnail_url":null,"_links":{"self":[{"href":"https:\/\/fg.ull.es\/noticias\/wp-json\/wp\/v2\/posts\/37218"}],"collection":[{"href":"https:\/\/fg.ull.es\/noticias\/wp-json\/wp\/v2\/posts"}],"about":[{"href":"https:\/\/fg.ull.es\/noticias\/wp-json\/wp\/v2\/types\/post"}],"author":[{"embeddable":true,"href":"https:\/\/fg.ull.es\/noticias\/wp-json\/wp\/v2\/users\/5"}],"replies":[{"embeddable":true,"href":"https:\/\/fg.ull.es\/noticias\/wp-json\/wp\/v2\/comments?post=37218"}],"version-history":[{"count":1,"href":"https:\/\/fg.ull.es\/noticias\/wp-json\/wp\/v2\/posts\/37218\/revisions"}],"predecessor-version":[{"id":37220,"href":"https:\/\/fg.ull.es\/noticias\/wp-json\/wp\/v2\/posts\/37218\/revisions\/37220"}],"wp:attachment":[{"href":"https:\/\/fg.ull.es\/noticias\/wp-json\/wp\/v2\/media?parent=37218"}],"wp:term":[{"taxonomy":"category","embeddable":true,"href":"https:\/\/fg.ull.es\/noticias\/wp-json\/wp\/v2\/categories?post=37218"},{"taxonomy":"post_tag","embeddable":true,"href":"https:\/\/fg.ull.es\/noticias\/wp-json\/wp\/v2\/tags?post=37218"}],"curies":[{"name":"wp","href":"https:\/\/api.w.org\/{rel}","templated":true}]}}