{"id":37180,"date":"2018-06-01T16:23:44","date_gmt":"2018-06-01T15:23:44","guid":{"rendered":"https:\/\/fg.ull.es\/noticias\/?p=37180"},"modified":"2018-07-02T14:12:24","modified_gmt":"2018-07-02T13:12:24","slug":"convocatoria-de-seleccion-de-personal-para-conformar-una-bolsa-de-empleo-de-tecnico-a-de-divulgacion-cientifica-especialidad-fomento-de-las-vocaciones-cientificas-entre-el-alumnado-escolar-2","status":"publish","type":"post","link":"https:\/\/fg.ull.es\/noticias\/2018\/06\/01\/convocatoria-de-seleccion-de-personal-para-conformar-una-bolsa-de-empleo-de-tecnico-a-de-divulgacion-cientifica-especialidad-fomento-de-las-vocaciones-cientificas-entre-el-alumnado-escolar-2\/","title":{"rendered":"Convocatoria de selecci\u00f3n de personal para conformar una bolsa de empleo de \u201cT\u00e9cnico\/a de divulgaci\u00f3n cient\u00edfica, especialidad fomento de las vocaciones cient\u00edficas entre el alumnado escolar\u201d."},"content":{"rendered":"<h4>A partir del lunes 04 y hasta el pr\u00f3ximo 08 de junio de 2018, ambos inclusive, estar\u00e1 abierto el periodo de inscripci\u00f3n del proceso de selecci\u00f3n de personal para conformar una bolsa de empleo de \u201cT\u00e9cnico\/a de divulgaci\u00f3n cient\u00edfica, especialidad fomento de las vocaciones cient\u00edficas entre el alumnado escolar\u201d<\/h4>\n<p>Las personas interesadas en participar en el proceso de selecci\u00f3n, deben cumplir con lo expuesto en las bases generales y perfil singular de la convocatoria. El requisito m\u00ednimo y m\u00e9ritos baremables son los siguientes:<\/p>\n<p>Requisitos m\u00ednimos:<\/p>\n<ul>\n<li>R.1. Licenciatura o grado en pedagog\u00eda.<\/li>\n<li>R.2. Experiencia profesional acreditada en la organizaci\u00f3n y desarrollo de proyectos de divulgaci\u00f3n cient\u00edfica y promoci\u00f3n del conocimiento de al menos 12 meses.<\/li>\n<\/ul>\n<p>M\u00e9ritos baremables:<\/p>\n<ul>\n<li>Formaci\u00f3n complementaria<\/li>\n<li>Experiencia profesional<\/li>\n<\/ul>\n<p>Para la inscripci\u00f3n es totalmente necesario el cumplimiento de los requisitos expuestos en las bases que se presentan a continuaci\u00f3n:<\/p>\n<ul>\n<li><a href=\"https:\/\/drive.google.com\/open?id=17wqyVHGpe2KO3x5mpjg3rxDGfo2A8DPM\" target=\"_blank\" rel=\"noopener\">Bases generales<\/a><\/li>\n<li><a href=\"https:\/\/drive.google.com\/file\/d\/1FqdkUihKpKtpAe-ccb9PfMlW4NFdfkeM\/view\" target=\"_blank\" rel=\"noopener\">Perfil singular<\/a><\/li>\n<\/ul>\n<p>Puedes inscribirte <a href=\"https:\/\/sede.fg.ull.es\/es\/empleo\/detalle\/a18120005\/fundacion-general-de-la-universidad-de-la-laguna-agencia-universitaria-de-innovacion\" target=\"_blank\" rel=\"noopener\">aqu\u00ed<\/a><\/p>\n","protected":false},"excerpt":{"rendered":"<p>A partir del lunes 04 y hasta el pr\u00f3ximo 08 de junio de 2018, ambos inclusive, estar\u00e1 abierto el periodo de inscripci\u00f3n del proceso de selecci\u00f3n de personal para conformar una bolsa de empleo de \u201cT\u00e9cnico\/a de divulgaci\u00f3n cient\u00edfica, especialidad fomento de las vocaciones cient\u00edficas entre el alumnado escolar\u201d Las personas interesadas en participar en&#8230;<\/p>\n","protected":false},"author":5,"featured_media":0,"comment_status":"closed","ping_status":"closed","sticky":false,"template":"","format":"standard","meta":{"footnotes":""},"categories":[52,232],"tags":[9,26,98,44],"featured_image_thumbnail_url":null,"_links":{"self":[{"href":"https:\/\/fg.ull.es\/noticias\/wp-json\/wp\/v2\/posts\/37180"}],"collection":[{"href":"https:\/\/fg.ull.es\/noticias\/wp-json\/wp\/v2\/posts"}],"about":[{"href":"https:\/\/fg.ull.es\/noticias\/wp-json\/wp\/v2\/types\/post"}],"author":[{"embeddable":true,"href":"https:\/\/fg.ull.es\/noticias\/wp-json\/wp\/v2\/users\/5"}],"replies":[{"embeddable":true,"href":"https:\/\/fg.ull.es\/noticias\/wp-json\/wp\/v2\/comments?post=37180"}],"version-history":[{"count":1,"href":"https:\/\/fg.ull.es\/noticias\/wp-json\/wp\/v2\/posts\/37180\/revisions"}],"predecessor-version":[{"id":37181,"href":"https:\/\/fg.ull.es\/noticias\/wp-json\/wp\/v2\/posts\/37180\/revisions\/37181"}],"wp:attachment":[{"href":"https:\/\/fg.ull.es\/noticias\/wp-json\/wp\/v2\/media?parent=37180"}],"wp:term":[{"taxonomy":"category","embeddable":true,"href":"https:\/\/fg.ull.es\/noticias\/wp-json\/wp\/v2\/categories?post=37180"},{"taxonomy":"post_tag","embeddable":true,"href":"https:\/\/fg.ull.es\/noticias\/wp-json\/wp\/v2\/tags?post=37180"}],"curies":[{"name":"wp","href":"https:\/\/api.w.org\/{rel}","templated":true}]}}