{"id":37091,"date":"2018-05-25T15:40:36","date_gmt":"2018-05-25T14:40:36","guid":{"rendered":"https:\/\/fg.ull.es\/noticias\/?p=37091"},"modified":"2018-05-25T15:40:36","modified_gmt":"2018-05-25T14:40:36","slug":"primeros-listados-definitivos-de-la-convocatoria-de-seleccion-de-personal-para-participar-en-el-proyecto-barrios-por-el-empleo-juntos-mas-fuertes-perfiles-prospector-a-2018bde011","status":"publish","type":"post","link":"https:\/\/fg.ull.es\/noticias\/2018\/05\/25\/primeros-listados-definitivos-de-la-convocatoria-de-seleccion-de-personal-para-participar-en-el-proyecto-barrios-por-el-empleo-juntos-mas-fuertes-perfiles-prospector-a-2018bde011\/","title":{"rendered":"Primeros listados definitivos de la convocatoria de selecci\u00f3n de personal para participar en el proyecto \u201cBarrios por el empleo: Juntos m\u00e1s fuertes\u201d, perfiles prospector\/a (2018BDE011) y orientador\/a (2018BDE012)"},"content":{"rendered":"<h4>A continuaci\u00f3n, se presentan los primeros listados definitivos de aceptados\/as y excluidos\/as de la convocatoria de selecci\u00f3n de personal para participar en el proyecto \u201c<em>Barrios por el empleo: Juntos m\u00e1s fuertes<\/em>\u201d (Perfiles orientador\/a y prospector\/a)<\/h4>\n<p>Finalizado el periodo de alegaciones se procede a publicar los listados con las personas que han sido seleccionadas para participar en la segunda fase del proceso.<\/p>\n<ul>\n<li><a href=\"https:\/\/drive.google.com\/file\/d\/1h5oV2qQDSn6ykufKKZjm-97uzc_XFmSc\/view?usp=sharing\" target=\"_blank\" rel=\"noopener\">Primer listado definitivo perfil prospector\/a (2018BDE011)<\/a><\/li>\n<li><a href=\"https:\/\/drive.google.com\/file\/d\/199jcG0nnUYUu_aKdZCmW3M-jD_D-4q1-\/view?usp=sharing\" target=\"_blank\" rel=\"noopener\">Primer listado definitivo perfil orientador\/a (2018BDE012)<\/a><\/li>\n<\/ul>\n<p>Las alegaciones \u00fanica y exclusivamente se podr\u00e1n presentar telem\u00e1ticamente al correo electr\u00f3nico seleccion@fg.ull.es y utilizando el siguiente documento normalizado: documento de alegaciones.<\/p>\n<p>Para la valoraci\u00f3n de todas y cada una de las candidaturas, y de los futuros procesos, se ha tomado\/tomar\u00e1 como fundamento lo especificado en:<\/p>\n<ul>\n<li><a href=\"https:\/\/drive.google.com\/open?id=1daeLE6tdZunrD8Zn3RjzTLi9iYfDfN63\" target=\"_blank\" rel=\"noopener\">Bases generales<\/a><\/li>\n<li><a href=\"https:\/\/drive.google.com\/file\/d\/1LCWOM7Os8JK24-TITJXO-KC6L3CtEFzF\/view?usp=sharing\" target=\"_blank\" rel=\"noopener\">Perfil singular prospecci\u00f3n (2018BDE011)<\/a><\/li>\n<li><a href=\"https:\/\/drive.google.com\/file\/d\/1euMMFBW60AOQ4XQXWichfU4lXf8fNtDE\/view?usp=sharing\" target=\"_blank\" rel=\"noopener\">Perfil singular orientaci\u00f3n (2018BDE012)<\/a><\/li>\n<\/ul>\n","protected":false},"excerpt":{"rendered":"<p>A continuaci\u00f3n, se presentan los primeros listados definitivos de aceptados\/as y excluidos\/as de la convocatoria de selecci\u00f3n de personal para participar en el proyecto \u201cBarrios por el empleo: Juntos m\u00e1s fuertes\u201d (Perfiles orientador\/a y prospector\/a) Finalizado el periodo de alegaciones se procede a publicar los listados con las personas que han sido seleccionadas para participar&#8230;<\/p>\n","protected":false},"author":5,"featured_media":0,"comment_status":"closed","ping_status":"closed","sticky":false,"template":"","format":"standard","meta":{"footnotes":""},"categories":[52,232],"tags":[98,44],"featured_image_thumbnail_url":null,"_links":{"self":[{"href":"https:\/\/fg.ull.es\/noticias\/wp-json\/wp\/v2\/posts\/37091"}],"collection":[{"href":"https:\/\/fg.ull.es\/noticias\/wp-json\/wp\/v2\/posts"}],"about":[{"href":"https:\/\/fg.ull.es\/noticias\/wp-json\/wp\/v2\/types\/post"}],"author":[{"embeddable":true,"href":"https:\/\/fg.ull.es\/noticias\/wp-json\/wp\/v2\/users\/5"}],"replies":[{"embeddable":true,"href":"https:\/\/fg.ull.es\/noticias\/wp-json\/wp\/v2\/comments?post=37091"}],"version-history":[{"count":1,"href":"https:\/\/fg.ull.es\/noticias\/wp-json\/wp\/v2\/posts\/37091\/revisions"}],"predecessor-version":[{"id":37092,"href":"https:\/\/fg.ull.es\/noticias\/wp-json\/wp\/v2\/posts\/37091\/revisions\/37092"}],"wp:attachment":[{"href":"https:\/\/fg.ull.es\/noticias\/wp-json\/wp\/v2\/media?parent=37091"}],"wp:term":[{"taxonomy":"category","embeddable":true,"href":"https:\/\/fg.ull.es\/noticias\/wp-json\/wp\/v2\/categories?post=37091"},{"taxonomy":"post_tag","embeddable":true,"href":"https:\/\/fg.ull.es\/noticias\/wp-json\/wp\/v2\/tags?post=37091"}],"curies":[{"name":"wp","href":"https:\/\/api.w.org\/{rel}","templated":true}]}}