{"id":37089,"date":"2018-05-25T14:35:26","date_gmt":"2018-05-25T13:35:26","guid":{"rendered":"https:\/\/fg.ull.es\/noticias\/?p=37089"},"modified":"2018-05-25T14:35:26","modified_gmt":"2018-05-25T13:35:26","slug":"segundo-listado-provisional-de-la-convocatoria-de-seleccion-de-personal-para-participar-en-el-proyecto-revision-de-la-lista-de-las-especies-silvestres-terrestres-y-marinas-de-canarias-asi-co","status":"publish","type":"post","link":"https:\/\/fg.ull.es\/noticias\/2018\/05\/25\/segundo-listado-provisional-de-la-convocatoria-de-seleccion-de-personal-para-participar-en-el-proyecto-revision-de-la-lista-de-las-especies-silvestres-terrestres-y-marinas-de-canarias-asi-co\/","title":{"rendered":"Segundo listado provisional de la convocatoria de selecci\u00f3n de personal para participar en el proyecto \u201cRevisi\u00f3n de la lista de las especies silvestres terrestres y marinas de Canarias, as\u00ed como la georreferenciaci\u00f3n de las especies de moluscos marinos y algas, para su registro en el Banco de Datos de Biodiversidad de Canarias\u201d (2018BDE010)\u201d"},"content":{"rendered":"<h4>A continuaci\u00f3n, se presenta el segundo listado provisional de aceptados\/as y excluidos\/as de la convocatoria de selecci\u00f3n de personal para participar en el proyecto \u201cRevisi\u00f3n de la lista de las especies silvestres terrestres y marinas de Canarias, as\u00ed como la georreferenciaci\u00f3n de las especies de moluscos marinos y algas, para su registro en el Banco de Datos de Biodiversidad de Canarias\u201d<\/h4>\n<p>A partir de este momento, comienza el periodo de alegaciones que, en ning\u00fan caso, ser\u00e1 periodo de subsanaci\u00f3n de documentaci\u00f3n. Finalizado \u00e9ste, a las 23:59 horas del 31 de mayo de 2018, y resueltas \u00e9stas, se proceder\u00e1 a publicar el segundo listado definitivo.<\/p>\n<p>Las alegaciones \u00fanica y exclusivamente se podr\u00e1n presentar telem\u00e1ticamente al correo electr\u00f3nico seleccion@fg.ull.es y utilizando el siguiente documento normalizado: documento de alegaciones\u00a0(<a href=\"https:\/\/drive.google.com\/open?id=0B1OuMDhtNMGOTjZRN2hoU3BoWG8\" target=\"_blank\" rel=\"noopener\">doc<\/a>,\u00a0<a href=\"https:\/\/drive.google.com\/open?id=0B1OuMDhtNMGOVUNDbWJEZDk5bms\" target=\"_blank\" rel=\"noopener\">pdf<\/a>,\u00a0<a href=\"https:\/\/drive.google.com\/open?id=0B1OuMDhtNMGOQUlTQUZhdGYzd2s\" target=\"_blank\" rel=\"noopener\">odt<\/a>).<\/p>\n<p>Para la valoraci\u00f3n de todas y cada una de las candidaturas, y de los futuros procesos, se ha tomado\/tomar\u00e1 como fundamento lo especificado en:<\/p>\n<ul>\n<li><a href=\"https:\/\/drive.google.com\/file\/d\/1Bly9FfUecctF7PLnPEU3GxuqG8R0KgqL\/view?usp=sharing\" target=\"_blank\" rel=\"noopener\">Bases generales<\/a><\/li>\n<li><a href=\"https:\/\/drive.google.com\/file\/d\/1G8tLFWPnZ32gMNZfct41M90JyjaQx4wp\/view?usp=sharing\" target=\"_blank\" rel=\"noopener\">Perfil singular<\/a><\/li>\n<\/ul>\n<p>Puede ver el listado 2\u00ba Listado Provisional <a href=\"https:\/\/drive.google.com\/file\/d\/1mjpxfQW6qp0bn95YItq3lngZP8AQndKC\/view?usp=sharing\" target=\"_blank\" rel=\"noopener\">aqu\u00ed<\/a>.<\/p>\n","protected":false},"excerpt":{"rendered":"<p>A continuaci\u00f3n, se presenta el segundo listado provisional de aceptados\/as y excluidos\/as de la convocatoria de selecci\u00f3n de personal para participar en el proyecto \u201cRevisi\u00f3n de la lista de las especies silvestres terrestres y marinas de Canarias, as\u00ed como la georreferenciaci\u00f3n de las especies de moluscos marinos y algas, para su registro en el Banco&#8230;<\/p>\n","protected":false},"author":5,"featured_media":0,"comment_status":"closed","ping_status":"closed","sticky":false,"template":"","format":"standard","meta":{"footnotes":""},"categories":[52,232],"tags":[],"featured_image_thumbnail_url":null,"_links":{"self":[{"href":"https:\/\/fg.ull.es\/noticias\/wp-json\/wp\/v2\/posts\/37089"}],"collection":[{"href":"https:\/\/fg.ull.es\/noticias\/wp-json\/wp\/v2\/posts"}],"about":[{"href":"https:\/\/fg.ull.es\/noticias\/wp-json\/wp\/v2\/types\/post"}],"author":[{"embeddable":true,"href":"https:\/\/fg.ull.es\/noticias\/wp-json\/wp\/v2\/users\/5"}],"replies":[{"embeddable":true,"href":"https:\/\/fg.ull.es\/noticias\/wp-json\/wp\/v2\/comments?post=37089"}],"version-history":[{"count":1,"href":"https:\/\/fg.ull.es\/noticias\/wp-json\/wp\/v2\/posts\/37089\/revisions"}],"predecessor-version":[{"id":37090,"href":"https:\/\/fg.ull.es\/noticias\/wp-json\/wp\/v2\/posts\/37089\/revisions\/37090"}],"wp:attachment":[{"href":"https:\/\/fg.ull.es\/noticias\/wp-json\/wp\/v2\/media?parent=37089"}],"wp:term":[{"taxonomy":"category","embeddable":true,"href":"https:\/\/fg.ull.es\/noticias\/wp-json\/wp\/v2\/categories?post=37089"},{"taxonomy":"post_tag","embeddable":true,"href":"https:\/\/fg.ull.es\/noticias\/wp-json\/wp\/v2\/tags?post=37089"}],"curies":[{"name":"wp","href":"https:\/\/api.w.org\/{rel}","templated":true}]}}