{"id":36993,"date":"2018-05-21T12:41:56","date_gmt":"2018-05-21T11:41:56","guid":{"rendered":"https:\/\/fg.ull.es\/noticias\/?p=36993"},"modified":"2018-05-21T12:41:56","modified_gmt":"2018-05-21T11:41:56","slug":"segundo-listado-definitivo-del-proceso-de-seleccion-de-una-beca-formativa-de-investigacion-para-participar-en-el-proyecto-envejecimiento-y-soledad-no-deseada-estudio-piloto-de-caracter-parti","status":"publish","type":"post","link":"https:\/\/fg.ull.es\/noticias\/2018\/05\/21\/segundo-listado-definitivo-del-proceso-de-seleccion-de-una-beca-formativa-de-investigacion-para-participar-en-el-proyecto-envejecimiento-y-soledad-no-deseada-estudio-piloto-de-caracter-parti\/","title":{"rendered":"Segundo listado definitivo del proceso de selecci\u00f3n de una beca formativa de investigaci\u00f3n para participar en el proyecto \u201cEnvejecimiento y soledad no deseada. Estudio piloto de car\u00e1cter participativo y efecto demostrativo para la definici\u00f3n de iniciativas comunitarias de acompa\u00f1amiento y dinamizaci\u00f3n a las personas mayores en San Jer\u00f3nimo (Tacoronte)\u201d (2018BDB002)"},"content":{"rendered":"<p>A continuaci\u00f3n, se presenta el segundo listado definitivo de aceptados\/as y excluidos\/as de la selecci\u00f3n de una beca formativa de investigaci\u00f3n para participar en el proyecto \u201cEnvejecimiento y soledad no deseada. Estudio piloto de car\u00e1cter participativo y efecto demostrativo para la definici\u00f3n de iniciativas comunitarias de acompa\u00f1amiento y dinamizaci\u00f3n a las personas mayores en San Jer\u00f3nimo (Tacoronte)\u201d<\/p>\n<p>Finalizado el periodo de alegaciones se procede a publicar el listado definitivo con las personas que conforman la bolsa para participar en el mencionado proyecto.<\/p>\n<p>Para la valoraci\u00f3n de todas y cada una de las candidaturas, y de los futuros procesos, se ha tomado\/tomar\u00e1 como fundamento lo especificado en:<\/p>\n<ul>\n<li><a href=\"https:\/\/drive.google.com\/file\/d\/0Bw3NGKR8uBCOWnRsUFN6bVcyODg\/view?usp=sharing\" target=\"_blank\" rel=\"noopener\">Bases generales<\/a><\/li>\n<li><a href=\"https:\/\/drive.google.com\/file\/d\/1UK9Fj4wkiHkHnyMui2P5vY9Umvgui19g\/view?usp=sharing\" target=\"_blank\" rel=\"noopener\">Perfil singular<\/a><\/li>\n<\/ul>\n<p>Puede ver el listado 2\u00ba Listado Definitivo <a href=\"https:\/\/drive.google.com\/file\/d\/1JpY9QmIPxFVh1acA2WER9avQc2PWRQsY\/view?usp=sharing\" target=\"_blank\" rel=\"noopener\">aqu\u00ed<\/a>.<\/p>\n","protected":false},"excerpt":{"rendered":"<p>A continuaci\u00f3n, se presenta el segundo listado definitivo de aceptados\/as y excluidos\/as de la selecci\u00f3n de una beca formativa de investigaci\u00f3n para participar en el proyecto \u201cEnvejecimiento y soledad no deseada. Estudio piloto de car\u00e1cter participativo y efecto demostrativo para la definici\u00f3n de iniciativas comunitarias de acompa\u00f1amiento y dinamizaci\u00f3n a las personas mayores en San&#8230;<\/p>\n","protected":false},"author":5,"featured_media":0,"comment_status":"closed","ping_status":"closed","sticky":false,"template":"","format":"standard","meta":{"footnotes":""},"categories":[52,232],"tags":[75,44],"featured_image_thumbnail_url":null,"_links":{"self":[{"href":"https:\/\/fg.ull.es\/noticias\/wp-json\/wp\/v2\/posts\/36993"}],"collection":[{"href":"https:\/\/fg.ull.es\/noticias\/wp-json\/wp\/v2\/posts"}],"about":[{"href":"https:\/\/fg.ull.es\/noticias\/wp-json\/wp\/v2\/types\/post"}],"author":[{"embeddable":true,"href":"https:\/\/fg.ull.es\/noticias\/wp-json\/wp\/v2\/users\/5"}],"replies":[{"embeddable":true,"href":"https:\/\/fg.ull.es\/noticias\/wp-json\/wp\/v2\/comments?post=36993"}],"version-history":[{"count":1,"href":"https:\/\/fg.ull.es\/noticias\/wp-json\/wp\/v2\/posts\/36993\/revisions"}],"predecessor-version":[{"id":36994,"href":"https:\/\/fg.ull.es\/noticias\/wp-json\/wp\/v2\/posts\/36993\/revisions\/36994"}],"wp:attachment":[{"href":"https:\/\/fg.ull.es\/noticias\/wp-json\/wp\/v2\/media?parent=36993"}],"wp:term":[{"taxonomy":"category","embeddable":true,"href":"https:\/\/fg.ull.es\/noticias\/wp-json\/wp\/v2\/categories?post=36993"},{"taxonomy":"post_tag","embeddable":true,"href":"https:\/\/fg.ull.es\/noticias\/wp-json\/wp\/v2\/tags?post=36993"}],"curies":[{"name":"wp","href":"https:\/\/api.w.org\/{rel}","templated":true}]}}