{"id":36969,"date":"2018-05-18T16:13:19","date_gmt":"2018-05-18T15:13:19","guid":{"rendered":"https:\/\/fg.ull.es\/noticias\/?p=36969"},"modified":"2018-05-18T16:13:19","modified_gmt":"2018-05-18T15:13:19","slug":"primeros-listados-provisionales-de-la-convocatoria-de-seleccion-de-personal-para-participar-en-el-proyecto-barrios-por-el-empleo-juntos-mas-fuertes-perfiles-prospector-a-2018bde01","status":"publish","type":"post","link":"https:\/\/fg.ull.es\/noticias\/2018\/05\/18\/primeros-listados-provisionales-de-la-convocatoria-de-seleccion-de-personal-para-participar-en-el-proyecto-barrios-por-el-empleo-juntos-mas-fuertes-perfiles-prospector-a-2018bde01\/","title":{"rendered":"Primeros listados provisionales de la convocatoria de selecci\u00f3n de personal para participar en el proyecto \u201cBarrios por el empleo: Juntos m\u00e1s fuertes\u201d, perfiles prospector\/a (2018BDE011) y orientador\/a (2018BDE012)"},"content":{"rendered":"<h4>A continuaci\u00f3n, se presentan los primeros listados provisionales de aceptados\/as y excluidos\/as de la convocatoria de selecci\u00f3n de personal para participar en el proyecto \u201c<em>Barrios por el empleo: Juntos m\u00e1s fuertes<\/em>\u201d (Perfiles orientador\/a y prospector\/a)<\/h4>\n<p>A partir de este momento, comienza el periodo de alegaciones que, en ning\u00fan caso, ser\u00e1 periodo de subsanaci\u00f3n de documentaci\u00f3n. Finalizado \u00e9ste, a las 23:59 horas del 23 de mayo de 2018, y resueltas \u00e9stas, se proceder\u00e1n a publicar los primeros listados definitivos.<\/p>\n<ul>\n<li><a href=\"https:\/\/drive.google.com\/file\/d\/1O1AqI0H04lZrg35RTB60M_LC5qdQ5sEZ\/view?usp=sharing\" target=\"_blank\" rel=\"noopener\">Primer listado provisional perfil prospector\/a (2018BDE011)<\/a><\/li>\n<li><a href=\"https:\/\/drive.google.com\/file\/d\/19LZ9z7D67Qq0JkroGyUOiL_-4jfaEjml\/view?usp=sharing\" target=\"_blank\" rel=\"noopener\">Primer listado provisional perfil orientador\/a (2018BDE012)<\/a><\/li>\n<\/ul>\n<p>Las alegaciones \u00fanica y exclusivamente se podr\u00e1n presentar telem\u00e1ticamente al correo electr\u00f3nico seleccion@fg.ull.es y utilizando el siguiente documento normalizado: documento de alegaciones\u00a0(<a href=\"https:\/\/drive.google.com\/open?id=0B1OuMDhtNMGOTjZRN2hoU3BoWG8\" target=\"_blank\" rel=\"noopener\">doc<\/a>,\u00a0<a href=\"https:\/\/drive.google.com\/open?id=0B1OuMDhtNMGOVUNDbWJEZDk5bms\" target=\"_blank\" rel=\"noopener\">pdf<\/a>,\u00a0<a href=\"https:\/\/drive.google.com\/open?id=0B1OuMDhtNMGOQUlTQUZhdGYzd2s\" target=\"_blank\" rel=\"noopener\">odt<\/a>).<\/p>\n<p>Para la valoraci\u00f3n de todas y cada una de las candidaturas, y de los futuros procesos, se ha tomado\/tomar\u00e1 como fundamento lo especificado en:<\/p>\n<ul>\n<li><a href=\"https:\/\/drive.google.com\/open?id=1daeLE6tdZunrD8Zn3RjzTLi9iYfDfN63\" target=\"_blank\" rel=\"noopener\">Bases generales<\/a><\/li>\n<li><a href=\"https:\/\/drive.google.com\/file\/d\/1LCWOM7Os8JK24-TITJXO-KC6L3CtEFzF\/view?usp=sharing\" target=\"_blank\" rel=\"noopener\">Perfil singular prospecci\u00f3n (2018BDE011)<\/a><\/li>\n<li><a href=\"https:\/\/drive.google.com\/file\/d\/1euMMFBW60AOQ4XQXWichfU4lXf8fNtDE\/view?usp=sharing\" target=\"_blank\" rel=\"noopener\">Perfil singular orientaci\u00f3n (2018BDE012)<\/a><\/li>\n<\/ul>\n","protected":false},"excerpt":{"rendered":"<p>A continuaci\u00f3n, se presentan los primeros listados provisionales de aceptados\/as y excluidos\/as de la convocatoria de selecci\u00f3n de personal para participar en el proyecto \u201cBarrios por el empleo: Juntos m\u00e1s fuertes\u201d (Perfiles orientador\/a y prospector\/a) A partir de este momento, comienza el periodo de alegaciones que, en ning\u00fan caso, ser\u00e1 periodo de subsanaci\u00f3n de documentaci\u00f3n&#8230;.<\/p>\n","protected":false},"author":5,"featured_media":0,"comment_status":"closed","ping_status":"closed","sticky":false,"template":"","format":"standard","meta":{"footnotes":""},"categories":[52,232],"tags":[98,44],"featured_image_thumbnail_url":null,"_links":{"self":[{"href":"https:\/\/fg.ull.es\/noticias\/wp-json\/wp\/v2\/posts\/36969"}],"collection":[{"href":"https:\/\/fg.ull.es\/noticias\/wp-json\/wp\/v2\/posts"}],"about":[{"href":"https:\/\/fg.ull.es\/noticias\/wp-json\/wp\/v2\/types\/post"}],"author":[{"embeddable":true,"href":"https:\/\/fg.ull.es\/noticias\/wp-json\/wp\/v2\/users\/5"}],"replies":[{"embeddable":true,"href":"https:\/\/fg.ull.es\/noticias\/wp-json\/wp\/v2\/comments?post=36969"}],"version-history":[{"count":1,"href":"https:\/\/fg.ull.es\/noticias\/wp-json\/wp\/v2\/posts\/36969\/revisions"}],"predecessor-version":[{"id":36970,"href":"https:\/\/fg.ull.es\/noticias\/wp-json\/wp\/v2\/posts\/36969\/revisions\/36970"}],"wp:attachment":[{"href":"https:\/\/fg.ull.es\/noticias\/wp-json\/wp\/v2\/media?parent=36969"}],"wp:term":[{"taxonomy":"category","embeddable":true,"href":"https:\/\/fg.ull.es\/noticias\/wp-json\/wp\/v2\/categories?post=36969"},{"taxonomy":"post_tag","embeddable":true,"href":"https:\/\/fg.ull.es\/noticias\/wp-json\/wp\/v2\/tags?post=36969"}],"curies":[{"name":"wp","href":"https:\/\/api.w.org\/{rel}","templated":true}]}}