{"id":36845,"date":"2018-05-14T12:31:40","date_gmt":"2018-05-14T11:31:40","guid":{"rendered":"https:\/\/fg.ull.es\/noticias\/?p=36845"},"modified":"2018-05-14T12:31:40","modified_gmt":"2018-05-14T11:31:40","slug":"resolucion-provisional-de-admisiones-al-procedimiento-de-becas-de-internacionalizacion-idiomatica-e-inmersion-linguistica-en-ingles-para-alumnado-de-grado-en-maestro-a-en-educacion-infantil-con-mencio","status":"publish","type":"post","link":"https:\/\/fg.ull.es\/noticias\/2018\/05\/14\/resolucion-provisional-de-admisiones-al-procedimiento-de-becas-de-internacionalizacion-idiomatica-e-inmersion-linguistica-en-ingles-para-alumnado-de-grado-en-maestro-a-en-educacion-infantil-con-mencio\/","title":{"rendered":"Resoluci\u00f3n provisional de admisiones al procedimiento de becas de Internacionalizaci\u00f3n Idiom\u00e1tica e Inmersi\u00f3n Ling\u00fc\u00edstica en ingl\u00e9s para alumnado de Grado en Maestro\/a en Educaci\u00f3n Infantil con menci\u00f3n de ingl\u00e9s y Grado en Maestro\/a en Educaci\u00f3n Primaria con menci\u00f3n en ingl\u00e9s  durante el curso 2017\/2018 y para titulados en dichas titulaciones en el curso 2016\/2017"},"content":{"rendered":"<p>Analizadas las solicitudes presentadas y verificado el cumplimiento de los requisitos de participaci\u00f3n se publican los <strong>listados provisionales<\/strong> de solicitudes admitidas y excluidas del procedimiento:<\/p>\n<p>&#8211;<a href=\"https:\/\/drive.google.com\/file\/d\/1WDe1nlBhbrWlxyMs3GA-6xFeleJOyHeq\/view?usp=sharing\" target=\"_blank\" rel=\"noopener\">Resoluci\u00f3n provisional<\/a> (<em>Figurar en este listado de admisiones no significa tener concedida la beca<\/em>)<\/p>\n<p>Las personas excluidas dispondr\u00e1n de un plazo de 10 d\u00edas h\u00e1biles para subsanar los defectos advertidos o para formular alegaciones si consideran indebida la exclusi\u00f3n. \u00c9stas se har\u00e1n, de forma exclusiva, enviando el <a href=\"https:\/\/drive.google.com\/file\/d\/0B9Y0ht3OEMLTb2I3TkxFTGR6WkE\/view?usp=sharing\" target=\"_blank\" rel=\"noopener\">documento de alegaciones<\/a> que se encuentra en la web, junto con la documentaci\u00f3n, al correo electr\u00f3nico:\u00a0 <a href=\"mailto:formacion@fg.ull.es\">formacion@fg.ull.es<\/a><\/p>\n<p>&#8211;<a href=\"https:\/\/drive.google.com\/file\/d\/0B9Y0ht3OEMLTb2I3TkxFTGR6WkE\/view?usp=sharing\" target=\"_blank\" rel=\"noopener\">Documento de alegaciones<\/a><\/p>\n<p>&nbsp;<\/p>\n","protected":false},"excerpt":{"rendered":"<p>Analizadas las solicitudes presentadas y verificado el cumplimiento de los requisitos de participaci\u00f3n se publican los listados provisionales de solicitudes admitidas y excluidas del procedimiento: &#8211;Resoluci\u00f3n provisional (Figurar en este listado de admisiones no significa tener concedida la beca) Las personas excluidas dispondr\u00e1n de un plazo de 10 d\u00edas h\u00e1biles para subsanar los defectos advertidos&#8230;<\/p>\n","protected":false},"author":6,"featured_media":0,"comment_status":"closed","ping_status":"closed","sticky":false,"template":"","format":"standard","meta":{"footnotes":""},"categories":[232],"tags":[],"featured_image_thumbnail_url":null,"_links":{"self":[{"href":"https:\/\/fg.ull.es\/noticias\/wp-json\/wp\/v2\/posts\/36845"}],"collection":[{"href":"https:\/\/fg.ull.es\/noticias\/wp-json\/wp\/v2\/posts"}],"about":[{"href":"https:\/\/fg.ull.es\/noticias\/wp-json\/wp\/v2\/types\/post"}],"author":[{"embeddable":true,"href":"https:\/\/fg.ull.es\/noticias\/wp-json\/wp\/v2\/users\/6"}],"replies":[{"embeddable":true,"href":"https:\/\/fg.ull.es\/noticias\/wp-json\/wp\/v2\/comments?post=36845"}],"version-history":[{"count":2,"href":"https:\/\/fg.ull.es\/noticias\/wp-json\/wp\/v2\/posts\/36845\/revisions"}],"predecessor-version":[{"id":36847,"href":"https:\/\/fg.ull.es\/noticias\/wp-json\/wp\/v2\/posts\/36845\/revisions\/36847"}],"wp:attachment":[{"href":"https:\/\/fg.ull.es\/noticias\/wp-json\/wp\/v2\/media?parent=36845"}],"wp:term":[{"taxonomy":"category","embeddable":true,"href":"https:\/\/fg.ull.es\/noticias\/wp-json\/wp\/v2\/categories?post=36845"},{"taxonomy":"post_tag","embeddable":true,"href":"https:\/\/fg.ull.es\/noticias\/wp-json\/wp\/v2\/tags?post=36845"}],"curies":[{"name":"wp","href":"https:\/\/api.w.org\/{rel}","templated":true}]}}