{"id":36812,"date":"2018-05-09T14:28:51","date_gmt":"2018-05-09T13:28:51","guid":{"rendered":"https:\/\/fg.ull.es\/noticias\/?p=36812"},"modified":"2018-05-09T14:28:51","modified_gmt":"2018-05-09T13:28:51","slug":"primer-listado-definitivo-de-la-seleccion-de-una-beca-formativa-de-investigacion-para-participar-en-el-envejecimiento-y-soledad-no-deseada-estudio-piloto-de-caracter-participativo-y-efecto-d","status":"publish","type":"post","link":"https:\/\/fg.ull.es\/noticias\/2018\/05\/09\/primer-listado-definitivo-de-la-seleccion-de-una-beca-formativa-de-investigacion-para-participar-en-el-envejecimiento-y-soledad-no-deseada-estudio-piloto-de-caracter-participativo-y-efecto-d\/","title":{"rendered":"Primer listado definitivo de la selecci\u00f3n de una beca formativa de investigaci\u00f3n para participar en el \u201cEnvejecimiento y soledad no deseada. Estudio piloto de car\u00e1cter participativo y efecto demostrativo para la definici\u00f3n de iniciativas comunitarias de acompa\u00f1amiento y dinamizaci\u00f3n a las personas mayores en San Jer\u00f3nimo (Tacoronte)\u201d (2018BDB002)."},"content":{"rendered":"<h4>A continuaci\u00f3n, se presenta el primer listado definitivo de aceptados\/as y excluidos\/as de la selecci\u00f3n de una beca formativa de investigaci\u00f3n para participar en el proyecto \u201cCoyuntura y estrategia tur\u00edstica de La Palma\u201d<\/h4>\n<p>Finalizado el periodo de alegaciones de la primera fase se procede a publicar el listado definitivo con las personas que han sido seleccionadas para participar en la segunda fase del proceso.<\/p>\n<p>Para la valoraci\u00f3n de todas y cada una de las candidaturas, y de los futuros procesos, se ha tomado\/tomar\u00e1 como fundamento lo especificado en:<\/p>\n<ul>\n<li><a href=\"https:\/\/drive.google.com\/file\/d\/0Bw3NGKR8uBCOWnRsUFN6bVcyODg\/view?usp=sharing\" target=\"_blank\" rel=\"noopener\">Bases generales<\/a><\/li>\n<li><a href=\"https:\/\/drive.google.com\/file\/d\/1UK9Fj4wkiHkHnyMui2P5vY9Umvgui19g\/view?usp=sharing\" target=\"_blank\" rel=\"noopener\">Perfil singular<\/a><\/li>\n<\/ul>\n<p>Puede ver el listado provisional <a href=\"https:\/\/drive.google.com\/file\/d\/1ky4O_jxtySYR6HlDK_vbnsPkzqdda2sD\/view?usp=sharing\" target=\"_blank\" rel=\"noopener\">aqu\u00ed<\/a>.<\/p>\n","protected":false},"excerpt":{"rendered":"<p>A continuaci\u00f3n, se presenta el primer listado definitivo de aceptados\/as y excluidos\/as de la selecci\u00f3n de una beca formativa de investigaci\u00f3n para participar en el proyecto \u201cCoyuntura y estrategia tur\u00edstica de La Palma\u201d Finalizado el periodo de alegaciones de la primera fase se procede a publicar el listado definitivo con las personas que han sido&#8230;<\/p>\n","protected":false},"author":5,"featured_media":0,"comment_status":"closed","ping_status":"closed","sticky":false,"template":"","format":"standard","meta":{"footnotes":""},"categories":[52,232],"tags":[75,44,30],"featured_image_thumbnail_url":null,"_links":{"self":[{"href":"https:\/\/fg.ull.es\/noticias\/wp-json\/wp\/v2\/posts\/36812"}],"collection":[{"href":"https:\/\/fg.ull.es\/noticias\/wp-json\/wp\/v2\/posts"}],"about":[{"href":"https:\/\/fg.ull.es\/noticias\/wp-json\/wp\/v2\/types\/post"}],"author":[{"embeddable":true,"href":"https:\/\/fg.ull.es\/noticias\/wp-json\/wp\/v2\/users\/5"}],"replies":[{"embeddable":true,"href":"https:\/\/fg.ull.es\/noticias\/wp-json\/wp\/v2\/comments?post=36812"}],"version-history":[{"count":1,"href":"https:\/\/fg.ull.es\/noticias\/wp-json\/wp\/v2\/posts\/36812\/revisions"}],"predecessor-version":[{"id":36813,"href":"https:\/\/fg.ull.es\/noticias\/wp-json\/wp\/v2\/posts\/36812\/revisions\/36813"}],"wp:attachment":[{"href":"https:\/\/fg.ull.es\/noticias\/wp-json\/wp\/v2\/media?parent=36812"}],"wp:term":[{"taxonomy":"category","embeddable":true,"href":"https:\/\/fg.ull.es\/noticias\/wp-json\/wp\/v2\/categories?post=36812"},{"taxonomy":"post_tag","embeddable":true,"href":"https:\/\/fg.ull.es\/noticias\/wp-json\/wp\/v2\/tags?post=36812"}],"curies":[{"name":"wp","href":"https:\/\/api.w.org\/{rel}","templated":true}]}}