{"id":36774,"date":"2018-05-08T09:42:57","date_gmt":"2018-05-08T08:42:57","guid":{"rendered":"https:\/\/fg.ull.es\/noticias\/?p=36774"},"modified":"2018-05-08T09:42:57","modified_gmt":"2018-05-08T08:42:57","slug":"convocadas-38-becas-de-internacionalizacion-idiomatica-e-inmersion-linguistica-en-ingles-para-el-alumnado-de-excelencia-de-la-universidad-de-la-laguna","status":"publish","type":"post","link":"https:\/\/fg.ull.es\/noticias\/2018\/05\/08\/convocadas-38-becas-de-internacionalizacion-idiomatica-e-inmersion-linguistica-en-ingles-para-el-alumnado-de-excelencia-de-la-universidad-de-la-laguna\/","title":{"rendered":"Convocadas 38 becas de internacionalizaci\u00f3n idiom\u00e1tica e inmersi\u00f3n ling\u00fc\u00edstica en ingl\u00e9s para el alumnado de excelencia de la Universidad de La Laguna"},"content":{"rendered":"<p>Con el objetivo de facilitar el acceso del alumnado universitario de la ULL a los idiomas extranjeros, el Vicerrectorado de Internacionalizaci\u00f3n de la Universidad de La Laguna ha resuelto convocar becas de Internacionalizaci\u00f3n Idiom\u00e1tica e Inmersi\u00f3n Ling\u00fc\u00edstica en ingl\u00e9s para el alumnado de la ULL del presente curso acad\u00e9mico.<\/p>\n<ul>\n<li style=\"list-style-type: none\">\n<ul>\n<li><a href=\"https:\/\/drive.google.com\/file\/d\/1NUalNszvphXg3gFW24I-XdlOntdea3dp\/view?usp=sharing\" target=\"_blank\" rel=\"noopener\">Bases de la convocatoria<\/a><\/li>\n<li><a href=\"https:\/\/drive.google.com\/file\/d\/1TZhk0V2BORmxs3JcpBObkSyIF1gJrm2Y\/view?usp=sharing\" target=\"_blank\" rel=\"noopener\">Publicaci\u00f3n BOC<\/a><\/li>\n<li><a href=\"https:\/\/drive.google.com\/file\/d\/1tyNoG2hq5YPCJnxzcwTpFZZKOrtYXljX\/view?usp=sharing\" target=\"_blank\" rel=\"noopener\">Documento de solicitud<\/a><\/li>\n<li>Plazo de presentaci\u00f3n de solicitudes: 08\/05\/2018 al 05\/06\/2018<\/li>\n<\/ul>\n<\/li>\n<\/ul>\n<p><strong>La presente convocatoria de becas se financia mediante aportaciones del Excmo. Cabildo Insular de Tenerife, el Vicerrectorado de Internacionalizaci\u00f3n de la Universidad de La Laguna y de la Fundaci\u00f3n General de la Universidad de la Laguna.<\/strong><\/p>\n<p>Las personas interesadas podr\u00e1n formalizar la solicitud de beca, adjuntando la documentaci\u00f3n que se se\u00f1ala en las bases, en la secretar\u00eda de la Fundaci\u00f3n General de la Universidad de La Laguna, entidad que act\u00faa como colaboradora en la gesti\u00f3n de estas becas<strong>, <\/strong>situada en Planta 0 del Aulario Torre Profesor Agust\u00edn Ar\u00e9valo, en Campus Central de la ULL, Avenida de la Trinidad, n\u00ba 61 de La Laguna.<\/p>\n<p>&nbsp;<\/p>\n","protected":false},"excerpt":{"rendered":"<p>Con el objetivo de facilitar el acceso del alumnado universitario de la ULL a los idiomas extranjeros, el Vicerrectorado de Internacionalizaci\u00f3n de la Universidad de La Laguna ha resuelto convocar becas de Internacionalizaci\u00f3n Idiom\u00e1tica e Inmersi\u00f3n Ling\u00fc\u00edstica en ingl\u00e9s para el alumnado de la ULL del presente curso acad\u00e9mico. Bases de la convocatoria Publicaci\u00f3n BOC&#8230;<\/p>\n","protected":false},"author":6,"featured_media":0,"comment_status":"closed","ping_status":"closed","sticky":false,"template":"","format":"standard","meta":{"footnotes":""},"categories":[232],"tags":[],"featured_image_thumbnail_url":null,"_links":{"self":[{"href":"https:\/\/fg.ull.es\/noticias\/wp-json\/wp\/v2\/posts\/36774"}],"collection":[{"href":"https:\/\/fg.ull.es\/noticias\/wp-json\/wp\/v2\/posts"}],"about":[{"href":"https:\/\/fg.ull.es\/noticias\/wp-json\/wp\/v2\/types\/post"}],"author":[{"embeddable":true,"href":"https:\/\/fg.ull.es\/noticias\/wp-json\/wp\/v2\/users\/6"}],"replies":[{"embeddable":true,"href":"https:\/\/fg.ull.es\/noticias\/wp-json\/wp\/v2\/comments?post=36774"}],"version-history":[{"count":3,"href":"https:\/\/fg.ull.es\/noticias\/wp-json\/wp\/v2\/posts\/36774\/revisions"}],"predecessor-version":[{"id":36777,"href":"https:\/\/fg.ull.es\/noticias\/wp-json\/wp\/v2\/posts\/36774\/revisions\/36777"}],"wp:attachment":[{"href":"https:\/\/fg.ull.es\/noticias\/wp-json\/wp\/v2\/media?parent=36774"}],"wp:term":[{"taxonomy":"category","embeddable":true,"href":"https:\/\/fg.ull.es\/noticias\/wp-json\/wp\/v2\/categories?post=36774"},{"taxonomy":"post_tag","embeddable":true,"href":"https:\/\/fg.ull.es\/noticias\/wp-json\/wp\/v2\/tags?post=36774"}],"curies":[{"name":"wp","href":"https:\/\/api.w.org\/{rel}","templated":true}]}}