{"id":36742,"date":"2018-05-04T14:52:45","date_gmt":"2018-05-04T13:52:45","guid":{"rendered":"https:\/\/fg.ull.es\/noticias\/?p=36742"},"modified":"2018-05-04T14:52:45","modified_gmt":"2018-05-04T13:52:45","slug":"convocatoria-de-seleccion-de-personal-para-participar-en-el-proyecto-barrios-por-el-empleo-juntos-mas-fuertes-2018bde011-2018bde012","status":"publish","type":"post","link":"https:\/\/fg.ull.es\/noticias\/2018\/05\/04\/convocatoria-de-seleccion-de-personal-para-participar-en-el-proyecto-barrios-por-el-empleo-juntos-mas-fuertes-2018bde011-2018bde012\/","title":{"rendered":"Convocatoria de selecci\u00f3n de personal para participar en el proyecto \u201cBarrios por el empleo: Juntos m\u00e1s fuertes\u201d (2018BDE011 \u2013 2018BDE012)"},"content":{"rendered":"<h4>A partir de hoy y hasta el pr\u00f3ximo 11 de mayo de 2018, ambos inclusive, estar\u00e1 abierto el periodo de inscripci\u00f3n del proceso de selecci\u00f3n de personal t\u00e9cnico orientador y prospector para la mejora de la empleabilidad para participar en el proyecto \u201c<em>Barrios por el empleo: Juntos m\u00e1s fuertes<\/em>\u201d<\/h4>\n<p>Las personas interesadas en participar en el proceso de selecci\u00f3n, deben cumplir con lo expuesto en las bases generales y en los perfiles singulares de las convocatorias.<\/p>\n<p><strong>\u00a0<\/strong><strong>Perfil T\u00e9cnico\/a de PROSPECCI\u00d3N para la mejora de la empleabilidad (2018BDE0011)<\/strong>:<\/p>\n<p>REQUISITOS M\u00cdNIMOS:<\/p>\n<ul>\n<li>R.1 Ser graduado\/a, diplomado\/a o licenciado\/a universitario\/a.<\/li>\n<li>R.2 Experiencia profesional acreditada en proyectos de empleo dirigidos espec\u00edficamente a personas en situaci\u00f3n de exclusi\u00f3n social o en riesgo de padecerla, desempe\u00f1ando tareas de dinamizaci\u00f3n y\/o prospecci\u00f3n empresarial de al menos 12 meses.<\/li>\n<\/ul>\n<p>Baremables (1\u00aa Fase):<\/p>\n<ul>\n<li>Formaci\u00f3n en materia de empleo<\/li>\n<li>Formaci\u00f3n en intervenci\u00f3n social<\/li>\n<li>Formaci\u00f3n en emprendimiento empresarial<\/li>\n<li>Experiencia profesional en proyectos de participaci\u00f3n ciudadana y\/o dinamizaci\u00f3n comunitaria<\/li>\n<li>Experiencia profesional como t\u00e9cnico\/a de empleo en proyectos de empleo dirigidos espec\u00edficamente a personas en exclusi\u00f3n social o en riesgo de padecerla<\/li>\n<\/ul>\n<p><strong>Perfil T\u00e9cnico\/a de ORIENTACI\u00d3N para la mejora de la empleabilidad (2018BDE012)<\/strong>:<\/p>\n<p>REQUISITOS M\u00cdNIMOS:<\/p>\n<ul>\n<li>R.1 Ser graduado\/a, diplomado\/a o licenciado\/a universitario\/a.<\/li>\n<li>R2. Experiencia profesional acreditada como t\u00e9cnico\/a de empleo en proyectos de empleo dirigidos espec\u00edficamente a personas en exclusi\u00f3n social o en riesgo de padecerla, de al menos 12 meses.<\/li>\n<\/ul>\n<p>Baremables (1\u00aa fase):<\/p>\n<ul>\n<li>Formaci\u00f3n en materia de empleo<\/li>\n<li>Formaci\u00f3n en intervenci\u00f3n social<\/li>\n<li>Formaci\u00f3n en metodolog\u00edas did\u00e1cticas<\/li>\n<li>Experiencia profesional en proyectos de participaci\u00f3n ciudadana y\/o dinamizaci\u00f3n comunitaria<\/li>\n<li>Experiencia profesional como t\u00e9cnico\/a de empleo en proyectos de empleo dirigidos espec\u00edficamente a personas en exclusi\u00f3n social o en riesgo de padecerla<\/li>\n<\/ul>\n<p>Para la inscripci\u00f3n es totalmente necesario el cumplimiento de los requisitos expuestos en las bases que se presentan a continuaci\u00f3n:<\/p>\n<ul>\n<li><a href=\"https:\/\/drive.google.com\/open?id=1daeLE6tdZunrD8Zn3RjzTLi9iYfDfN63\" target=\"_blank\" rel=\"noopener\">Bases generales<\/a><\/li>\n<li><a href=\"https:\/\/drive.google.com\/file\/d\/1LCWOM7Os8JK24-TITJXO-KC6L3CtEFzF\/view?usp=sharing\" target=\"_blank\" rel=\"noopener\">Perfil singular prospecci\u00f3n (2018BDE011)<\/a><\/li>\n<li><a href=\"https:\/\/drive.google.com\/file\/d\/1euMMFBW60AOQ4XQXWichfU4lXf8fNtDE\/view?usp=sharing\" target=\"_blank\" rel=\"noopener\">Perfil singular orientaci\u00f3n (2018BDE012)<\/a><\/li>\n<\/ul>\n<p>Puedes inscribirte <a href=\"https:\/\/sede.fg.ull.es\/es\/empleo\/detalle\/a18120005\/fundacion-general-de-la-universidad-de-la-laguna-agencia-universitaria-de-innovacion\" target=\"_blank\" rel=\"noopener\">aqu\u00ed<\/a><\/p>\n","protected":false},"excerpt":{"rendered":"<p>A partir de hoy y hasta el pr\u00f3ximo 11 de mayo de 2018, ambos inclusive, estar\u00e1 abierto el periodo de inscripci\u00f3n del proceso de selecci\u00f3n de personal t\u00e9cnico orientador y prospector para la mejora de la empleabilidad para participar en el proyecto \u201cBarrios por el empleo: Juntos m\u00e1s fuertes\u201d Las personas interesadas en participar en&#8230;<\/p>\n","protected":false},"author":5,"featured_media":0,"comment_status":"closed","ping_status":"closed","sticky":false,"template":"","format":"standard","meta":{"footnotes":""},"categories":[52,232],"tags":[44],"featured_image_thumbnail_url":null,"_links":{"self":[{"href":"https:\/\/fg.ull.es\/noticias\/wp-json\/wp\/v2\/posts\/36742"}],"collection":[{"href":"https:\/\/fg.ull.es\/noticias\/wp-json\/wp\/v2\/posts"}],"about":[{"href":"https:\/\/fg.ull.es\/noticias\/wp-json\/wp\/v2\/types\/post"}],"author":[{"embeddable":true,"href":"https:\/\/fg.ull.es\/noticias\/wp-json\/wp\/v2\/users\/5"}],"replies":[{"embeddable":true,"href":"https:\/\/fg.ull.es\/noticias\/wp-json\/wp\/v2\/comments?post=36742"}],"version-history":[{"count":1,"href":"https:\/\/fg.ull.es\/noticias\/wp-json\/wp\/v2\/posts\/36742\/revisions"}],"predecessor-version":[{"id":36743,"href":"https:\/\/fg.ull.es\/noticias\/wp-json\/wp\/v2\/posts\/36742\/revisions\/36743"}],"wp:attachment":[{"href":"https:\/\/fg.ull.es\/noticias\/wp-json\/wp\/v2\/media?parent=36742"}],"wp:term":[{"taxonomy":"category","embeddable":true,"href":"https:\/\/fg.ull.es\/noticias\/wp-json\/wp\/v2\/categories?post=36742"},{"taxonomy":"post_tag","embeddable":true,"href":"https:\/\/fg.ull.es\/noticias\/wp-json\/wp\/v2\/tags?post=36742"}],"curies":[{"name":"wp","href":"https:\/\/api.w.org\/{rel}","templated":true}]}}