{"id":36633,"date":"2018-04-26T19:27:48","date_gmt":"2018-04-26T18:27:48","guid":{"rendered":"https:\/\/fg.ull.es\/noticias\/?p=36633"},"modified":"2018-04-26T19:27:48","modified_gmt":"2018-04-26T18:27:48","slug":"convocatoria-seleccion-personal-conformar-una-bolsa-empleo-participar-proyecto-revision-la-lista-las-especies-silvestres-terrestres-marinas-canarias-asi-c","status":"publish","type":"post","link":"https:\/\/fg.ull.es\/noticias\/2018\/04\/26\/convocatoria-seleccion-personal-conformar-una-bolsa-empleo-participar-proyecto-revision-la-lista-las-especies-silvestres-terrestres-marinas-canarias-asi-c\/","title":{"rendered":"Convocatoria de selecci\u00f3n de personal para conformar una bolsa de empleo para participar en el proyecto \u201cRevisi\u00f3n de la lista de las especies silvestres terrestres y marinas de Canarias, as\u00ed como la georreferenciaci\u00f3n de las especies de moluscos marinos y algas, para su registro en el Banco de Datos de Biodiversidad de Canarias\u201d (2018BDE010)."},"content":{"rendered":"<h4>Las personas interesadas en participar pueden presentar su candidatura a trav\u00e9s de la sede electr\u00f3nica de la Fundaci\u00f3n General de La Universidad de La Laguna, desde el 26 de abril hasta el 4 de mayo.<\/h4>\n<p>Los\/as candidatos\/as deben cumplir con lo expuesto en las bases generales y perfil singular de la convocatoria. Los requisitos m\u00ednimos y m\u00e9ritos baremables, son entre otros:<\/p>\n<p><u>Requisitos m\u00ednimos: <\/u>Estar en posesi\u00f3n del t\u00edtulo de Graduado\/a, o Licenciado\/a en Biolog\u00eda y estar en posesi\u00f3n del t\u00edtulo de Doctor\/a. La tem\u00e1tica de la tesis doctoral debe estar directamente relacionada con las algas en las Islas Canarias.<\/p>\n<p><u>M\u00e9ritos baremables<\/u> (1\u00aa fase proceso):<\/p>\n<ul>\n<li>Experiencia profesional en informatizaci\u00f3n de colecciones de macroalgas de Canarias<\/li>\n<li>Experiencia profesional en identificaci\u00f3n y conservaci\u00f3n de cepas de microalgas y cianobacterias.<\/li>\n<li>Participaci\u00f3n en proyectos de investigaci\u00f3n relacionados con microalgas y macroalgas<\/li>\n<li>Trabajos presentados en congresos relacionados con las algas de Canarias.<\/li>\n<\/ul>\n<p>Para la inscripci\u00f3n es totalmente necesario el cumplimiento de los requisitos expuestos en las bases que se presentan a continuaci\u00f3n:<\/p>\n<ul>\n<li><a href=\"https:\/\/drive.google.com\/file\/d\/1Bly9FfUecctF7PLnPEU3GxuqG8R0KgqL\/view?usp=sharing\" target=\"_blank\" rel=\"noopener\">Bases generales<\/a><\/li>\n<li><a href=\"https:\/\/drive.google.com\/file\/d\/1G8tLFWPnZ32gMNZfct41M90JyjaQx4wp\/view?usp=sharing\" target=\"_blank\" rel=\"noopener\">Perfil singular<\/a><\/li>\n<\/ul>\n<p>Anexo I. Documento de autobaremaci\u00f3n (<a href=\"https:\/\/drive.google.com\/file\/d\/1yWQK75PWrmpge4fYlgH3EtsgLyUSUm-h\/view?usp=sharing\" target=\"_blank\" rel=\"noopener\">pdf<\/a>, <a href=\"https:\/\/drive.google.com\/file\/d\/1ZdVFFGO3xgI7f2DS2PFVPz2-odIPrHzi\/view?usp=sharing\" target=\"_blank\" rel=\"noopener\">docx<\/a>, <a href=\"https:\/\/drive.google.com\/file\/d\/1qDg4wHhSA02qZn03x_mNG0dmRg9vps_0\/view?usp=sharing\" target=\"_blank\" rel=\"noopener\">odt<\/a>)<\/p>\n<p>Puedes inscribirte <a href=\"https:\/\/sede.fg.ull.es\/es\/empleo\/inscripcion\/30453\" target=\"_blank\" rel=\"noopener\">aqu\u00ed<\/a><\/p>\n","protected":false},"excerpt":{"rendered":"<p>Las personas interesadas en participar pueden presentar su candidatura a trav\u00e9s de la sede electr\u00f3nica de la Fundaci\u00f3n General de La Universidad de La Laguna, desde el 26 de abril hasta el 4 de mayo. Los\/as candidatos\/as deben cumplir con lo expuesto en las bases generales y perfil singular de la convocatoria. Los requisitos m\u00ednimos&#8230;<\/p>\n","protected":false},"author":5,"featured_media":0,"comment_status":"closed","ping_status":"closed","sticky":false,"template":"","format":"standard","meta":{"footnotes":""},"categories":[52,232],"tags":[98,44,30],"featured_image_thumbnail_url":null,"_links":{"self":[{"href":"https:\/\/fg.ull.es\/noticias\/wp-json\/wp\/v2\/posts\/36633"}],"collection":[{"href":"https:\/\/fg.ull.es\/noticias\/wp-json\/wp\/v2\/posts"}],"about":[{"href":"https:\/\/fg.ull.es\/noticias\/wp-json\/wp\/v2\/types\/post"}],"author":[{"embeddable":true,"href":"https:\/\/fg.ull.es\/noticias\/wp-json\/wp\/v2\/users\/5"}],"replies":[{"embeddable":true,"href":"https:\/\/fg.ull.es\/noticias\/wp-json\/wp\/v2\/comments?post=36633"}],"version-history":[{"count":1,"href":"https:\/\/fg.ull.es\/noticias\/wp-json\/wp\/v2\/posts\/36633\/revisions"}],"predecessor-version":[{"id":36634,"href":"https:\/\/fg.ull.es\/noticias\/wp-json\/wp\/v2\/posts\/36633\/revisions\/36634"}],"wp:attachment":[{"href":"https:\/\/fg.ull.es\/noticias\/wp-json\/wp\/v2\/media?parent=36633"}],"wp:term":[{"taxonomy":"category","embeddable":true,"href":"https:\/\/fg.ull.es\/noticias\/wp-json\/wp\/v2\/categories?post=36633"},{"taxonomy":"post_tag","embeddable":true,"href":"https:\/\/fg.ull.es\/noticias\/wp-json\/wp\/v2\/tags?post=36633"}],"curies":[{"name":"wp","href":"https:\/\/api.w.org\/{rel}","templated":true}]}}