{"id":36544,"date":"2018-04-20T13:37:32","date_gmt":"2018-04-20T12:37:32","guid":{"rendered":"https:\/\/fg.ull.es\/noticias\/?p=36544"},"modified":"2018-04-20T14:10:07","modified_gmt":"2018-04-20T13:10:07","slug":"convocatoria-seleccion-una-beca-formativa-investigacion-participar-envejecimiento-soledad-no-deseada-estudio-piloto-caracter-participativo-efecto-demostrativo","status":"publish","type":"post","link":"https:\/\/fg.ull.es\/noticias\/2018\/04\/20\/convocatoria-seleccion-una-beca-formativa-investigacion-participar-envejecimiento-soledad-no-deseada-estudio-piloto-caracter-participativo-efecto-demostrativo\/","title":{"rendered":"Convocatoria de selecci\u00f3n de una beca formativa de investigaci\u00f3n para participar en un proyecto en el contexto del Envejecimiento y la Soledad no deseada (2018BDB002)."},"content":{"rendered":"<h4>Hasta el pr\u00f3ximo d\u00eda 27 de abril estar\u00e1 abierto el periodo de inscripciones del proceso de selecci\u00f3n de una beca formativa de investigaci\u00f3n para participar en el proyecto con t\u00edtulo \u201cEnvejecimiento y soledad no deseada. Estudio piloto de car\u00e1cter participativo y efecto demostrativo para la definici\u00f3n de iniciativas comunitarias de acompa\u00f1amiento y dinamizaci\u00f3n a las personas mayores en San Jer\u00f3nimo (Tacoronte)\u201d.<\/h4>\n<p>Las personas interesadas en participar en el proceso de selecci\u00f3n de la beca deben cumplir con lo expuesto en las bases generales y perfil singular de la convocatoria. Puede consultarse el Programa de Becas Formativas de Investigaci\u00f3n <a href=\"https:\/\/drive.google.com\/open?id=1GnUJpQ4U3ENftaQLqw4JIwh7ps9ITvYj\" target=\"_blank\" rel=\"noopener\">aqu\u00ed<\/a>.<\/p>\n<p>Los requisitos m\u00ednimos y m\u00e9ritos baremables son los siguientes:<\/p>\n<p><u>Requisito m\u00ednimo<\/u>: Estar en posesi\u00f3n del t\u00edtulo de Graduado\/a, Diplomado\/a o Licenciado\/a en alguna de las siguientes titulaciones: Trabajo Social, Educaci\u00f3n Social, Geograf\u00eda, Sociolog\u00eda, Psicolog\u00eda o Pedagog\u00eda.<\/p>\n<p><u>M\u00e9ritos baremables<\/u> (1\u00aa fase proceso):<\/p>\n<ul>\n<li>Expediente acad\u00e9mico de la titulaci\u00f3n<\/li>\n<li>Estudios de M\u00e1ster finalizados o en curso, en investigaci\u00f3n e intervenci\u00f3n sociales con incidencia o materias espec\u00edficas en la esfera del envejecimiento sociodemogr\u00e1fico y\/o desarrollo comunitario<\/li>\n<li>Formaci\u00f3n pr\u00e1ctica en proyectos de intervenci\u00f3n social, desarrollo territorial y comunitario, participaci\u00f3n social, envejecimiento sociodemogr\u00e1fico, dinamizaci\u00f3n sociocomunitaria, perspectiva de g\u00e9nero<\/li>\n<li>Formaci\u00f3n en programas inform\u00e1ticos de ofim\u00e1tica y an\u00e1lisis de datos<\/li>\n<li>Formaci\u00f3n en gesti\u00f3n de redes sociales<\/li>\n<li>Formaci\u00f3n en idiomas<\/li>\n<\/ul>\n<p>Para la inscripci\u00f3n es totalmente necesario el cumplimiento de los requisitos expuestos en las bases que se presentan a continuaci\u00f3n:<\/p>\n<ul>\n<li><a href=\"https:\/\/drive.google.com\/file\/d\/0Bw3NGKR8uBCOWnRsUFN6bVcyODg\/view?usp=sharing\" target=\"_blank\" rel=\"noopener\">Bases generales<\/a><\/li>\n<li><a href=\"https:\/\/drive.google.com\/file\/d\/1UK9Fj4wkiHkHnyMui2P5vY9Umvgui19g\/view?usp=sharing\" target=\"_blank\" rel=\"noopener\">Perfil singular<\/a><\/li>\n<\/ul>\n<p>Puedes inscribirte <a href=\"https:\/\/sede.fg.ull.es\/es\/empleo\/detalle\/a18120021\/fundacion-general-de-la-universidad-de-la-laguna-agencia-universitaria-de-innovacion\" target=\"_blank\" rel=\"noopener\">aqu\u00ed<\/a><\/p>\n","protected":false},"excerpt":{"rendered":"<p>Hasta el pr\u00f3ximo d\u00eda 27 de abril estar\u00e1 abierto el periodo de inscripciones del proceso de selecci\u00f3n de una beca formativa de investigaci\u00f3n para participar en el proyecto con t\u00edtulo \u201cEnvejecimiento y soledad no deseada. Estudio piloto de car\u00e1cter participativo y efecto demostrativo para la definici\u00f3n de iniciativas comunitarias de acompa\u00f1amiento y dinamizaci\u00f3n a las&#8230;<\/p>\n","protected":false},"author":5,"featured_media":0,"comment_status":"closed","ping_status":"closed","sticky":false,"template":"","format":"standard","meta":{"footnotes":""},"categories":[52,232],"tags":[423,12,44,25],"featured_image_thumbnail_url":null,"_links":{"self":[{"href":"https:\/\/fg.ull.es\/noticias\/wp-json\/wp\/v2\/posts\/36544"}],"collection":[{"href":"https:\/\/fg.ull.es\/noticias\/wp-json\/wp\/v2\/posts"}],"about":[{"href":"https:\/\/fg.ull.es\/noticias\/wp-json\/wp\/v2\/types\/post"}],"author":[{"embeddable":true,"href":"https:\/\/fg.ull.es\/noticias\/wp-json\/wp\/v2\/users\/5"}],"replies":[{"embeddable":true,"href":"https:\/\/fg.ull.es\/noticias\/wp-json\/wp\/v2\/comments?post=36544"}],"version-history":[{"count":6,"href":"https:\/\/fg.ull.es\/noticias\/wp-json\/wp\/v2\/posts\/36544\/revisions"}],"predecessor-version":[{"id":36550,"href":"https:\/\/fg.ull.es\/noticias\/wp-json\/wp\/v2\/posts\/36544\/revisions\/36550"}],"wp:attachment":[{"href":"https:\/\/fg.ull.es\/noticias\/wp-json\/wp\/v2\/media?parent=36544"}],"wp:term":[{"taxonomy":"category","embeddable":true,"href":"https:\/\/fg.ull.es\/noticias\/wp-json\/wp\/v2\/categories?post=36544"},{"taxonomy":"post_tag","embeddable":true,"href":"https:\/\/fg.ull.es\/noticias\/wp-json\/wp\/v2\/tags?post=36544"}],"curies":[{"name":"wp","href":"https:\/\/api.w.org\/{rel}","templated":true}]}}