{"id":36069,"date":"2018-03-19T11:37:13","date_gmt":"2018-03-19T11:37:13","guid":{"rendered":"https:\/\/fg.ull.es\/noticias\/?p=36069"},"modified":"2018-03-19T11:37:13","modified_gmt":"2018-03-19T11:37:13","slug":"segundo-listado-definitivo-la-convocatoria-seleccion-personal-conformar-una-bolsa-empleo-la-unidad-tecnica-calidad-2017bde025","status":"publish","type":"post","link":"https:\/\/fg.ull.es\/noticias\/2018\/03\/19\/segundo-listado-definitivo-la-convocatoria-seleccion-personal-conformar-una-bolsa-empleo-la-unidad-tecnica-calidad-2017bde025\/","title":{"rendered":"Segundo listado definitivo de la convocatoria de selecci\u00f3n de personal para conformar una bolsa de empleo para la Unidad T\u00e9cnica de Calidad (2017BDE025)."},"content":{"rendered":"<h4>A continuaci\u00f3n, se presenta segundo listado definitivo de aceptados\/as de la convocatoria de selecci\u00f3n de personal para constituir una bolsa de empleo para la Unidad T\u00e9cnica de Calidad: Evaluaci\u00f3n de la Calidad y Mejora de los Servicios.<\/h4>\n<p>Finalizado el periodo de alegaciones se procede a publicar el listado definitivo con las personas que conforman la bolsa de empleo.<\/p>\n<p>Para la valoraci\u00f3n de todas y cada una de las candidaturas, y de los futuros procesos, se ha tomado\/tomar\u00e1 como fundamento lo especificado en:<\/p>\n<ul>\n<li><a href=\"https:\/\/drive.google.com\/file\/d\/0B1OuMDhtNMGOcVB5ZUQyQ2d5a0U\/view\" target=\"_blank\" rel=\"noopener\">Bases generales<\/a><\/li>\n<li><a href=\"https:\/\/drive.google.com\/file\/d\/1iR3xTaW4qetpbIOl1u-pUauRU_Xg_kxU\/view\" target=\"_blank\" rel=\"noopener\">Perfil singular<\/a><\/li>\n<\/ul>\n<p>Puede ver el listado 2\u00ba Listado Definitivo\u00a0<a href=\"https:\/\/drive.google.com\/file\/d\/1meg6U4gfXGOvGZIvEqQIdw4do0TujBcr\/view?usp=sharing\" target=\"_blank\" rel=\"noopener\">aqu\u00ed<\/a>.<\/p>\n<div class=\"addtoany_share_save_container addtoany_content addtoany_content_bottom\"><\/div>\n","protected":false},"excerpt":{"rendered":"<p>A continuaci\u00f3n, se presenta segundo listado definitivo de aceptados\/as de la convocatoria de selecci\u00f3n de personal para constituir una bolsa de empleo para la Unidad T\u00e9cnica de Calidad: Evaluaci\u00f3n de la Calidad y Mejora de los Servicios. Finalizado el periodo de alegaciones se procede a publicar el listado definitivo con las personas que conforman la&#8230;<\/p>\n","protected":false},"author":5,"featured_media":0,"comment_status":"closed","ping_status":"closed","sticky":false,"template":"","format":"standard","meta":{"footnotes":""},"categories":[52,232],"tags":[98,44],"featured_image_thumbnail_url":null,"_links":{"self":[{"href":"https:\/\/fg.ull.es\/noticias\/wp-json\/wp\/v2\/posts\/36069"}],"collection":[{"href":"https:\/\/fg.ull.es\/noticias\/wp-json\/wp\/v2\/posts"}],"about":[{"href":"https:\/\/fg.ull.es\/noticias\/wp-json\/wp\/v2\/types\/post"}],"author":[{"embeddable":true,"href":"https:\/\/fg.ull.es\/noticias\/wp-json\/wp\/v2\/users\/5"}],"replies":[{"embeddable":true,"href":"https:\/\/fg.ull.es\/noticias\/wp-json\/wp\/v2\/comments?post=36069"}],"version-history":[{"count":1,"href":"https:\/\/fg.ull.es\/noticias\/wp-json\/wp\/v2\/posts\/36069\/revisions"}],"predecessor-version":[{"id":36070,"href":"https:\/\/fg.ull.es\/noticias\/wp-json\/wp\/v2\/posts\/36069\/revisions\/36070"}],"wp:attachment":[{"href":"https:\/\/fg.ull.es\/noticias\/wp-json\/wp\/v2\/media?parent=36069"}],"wp:term":[{"taxonomy":"category","embeddable":true,"href":"https:\/\/fg.ull.es\/noticias\/wp-json\/wp\/v2\/categories?post=36069"},{"taxonomy":"post_tag","embeddable":true,"href":"https:\/\/fg.ull.es\/noticias\/wp-json\/wp\/v2\/tags?post=36069"}],"curies":[{"name":"wp","href":"https:\/\/api.w.org\/{rel}","templated":true}]}}