{"id":36030,"date":"2018-03-16T11:09:05","date_gmt":"2018-03-16T11:09:05","guid":{"rendered":"https:\/\/fg.ull.es\/noticias\/?p=36030"},"modified":"2018-03-16T11:09:13","modified_gmt":"2018-03-16T11:09:13","slug":"segundo-listado-provisional-la-convocatoria-seleccion-personal-participar-proyecto-plan-actuacion-insular-volcanico-2018bde006","status":"publish","type":"post","link":"https:\/\/fg.ull.es\/noticias\/2018\/03\/16\/segundo-listado-provisional-la-convocatoria-seleccion-personal-participar-proyecto-plan-actuacion-insular-volcanico-2018bde006\/","title":{"rendered":"Segundo listado provisional de la convocatoria de selecci\u00f3n de personal para participar en el proyecto &#8220;Plan de actuaci\u00f3n insular volc\u00e1nico&#8221; (2018BDE006)"},"content":{"rendered":"<h4>A continuaci\u00f3n, se presenta el segundo listado provisional de aceptados\/as y excluidos\/as de la convocatoria de selecci\u00f3n de personal para participar en el proyecto &#8220;Plan de actuaci\u00f3n insular volc\u00e1nico&#8221;.<\/h4>\n<p>A partir de este momento, comienza el periodo de alegaciones que, en ning\u00fan caso, ser\u00e1 periodo de subsanaci\u00f3n de documentaci\u00f3n. Finalizado \u00e9ste, a las 23:59 horas del 21 de marzo de 2018, y resueltas \u00e9stas, se proceder\u00e1n a publicar el segundo listado definitivo.<\/p>\n<p>Las alegaciones \u00fanica y exclusivamente se podr\u00e1n presentar telem\u00e1ticamente al correo electr\u00f3nico seleccion@fg.ull.es y utilizando el siguiente documento normalizado: documento de alegaciones \u00a0(<a href=\"https:\/\/drive.google.com\/open?id=0B1OuMDhtNMGOTjZRN2hoU3BoWG8\" target=\"_blank\" rel=\"noopener\">doc<\/a>,\u00a0<a href=\"https:\/\/drive.google.com\/open?id=0B1OuMDhtNMGOVUNDbWJEZDk5bms\" target=\"_blank\" rel=\"noopener\">pdf<\/a>,\u00a0<a href=\"https:\/\/drive.google.com\/open?id=0B1OuMDhtNMGOQUlTQUZhdGYzd2s\" target=\"_blank\" rel=\"noopener\">odt<\/a>).<\/p>\n<p>Para la valoraci\u00f3n de todas y cada una de las candidaturas, y de los futuros procesos, se ha tomado\/tomar\u00e1 como fundamento lo especificado en:<\/p>\n<ul>\n<li><a href=\"https:\/\/drive.google.com\/open?id=17wqyVHGpe2KO3x5mpjg3rxDGfo2A8DPM\" target=\"_blank\" rel=\"noopener\">Bases generales<\/a><\/li>\n<li><a href=\"https:\/\/drive.google.com\/file\/d\/1eohACTZtsIG9hwp17EWAiyyAm2FGhGUX\/view\">Perfil singular<\/a><\/li>\n<\/ul>\n<p>Puede ver el listado provisional <a href=\"https:\/\/drive.google.com\/open?id=1DThTqLxCnmrEhPCZs1VdxO7rMBERQv2z\" target=\"_blank\" rel=\"noopener\">aqu\u00ed<\/a>.<\/p>\n","protected":false},"excerpt":{"rendered":"<p>A continuaci\u00f3n, se presenta el segundo listado provisional de aceptados\/as y excluidos\/as de la convocatoria de selecci\u00f3n de personal para participar en el proyecto &#8220;Plan de actuaci\u00f3n insular volc\u00e1nico&#8221;. A partir de este momento, comienza el periodo de alegaciones que, en ning\u00fan caso, ser\u00e1 periodo de subsanaci\u00f3n de documentaci\u00f3n. Finalizado \u00e9ste, a las 23:59 horas&#8230;<\/p>\n","protected":false},"author":5,"featured_media":0,"comment_status":"closed","ping_status":"closed","sticky":false,"template":"","format":"standard","meta":{"footnotes":""},"categories":[52,232],"tags":[98,44],"featured_image_thumbnail_url":null,"_links":{"self":[{"href":"https:\/\/fg.ull.es\/noticias\/wp-json\/wp\/v2\/posts\/36030"}],"collection":[{"href":"https:\/\/fg.ull.es\/noticias\/wp-json\/wp\/v2\/posts"}],"about":[{"href":"https:\/\/fg.ull.es\/noticias\/wp-json\/wp\/v2\/types\/post"}],"author":[{"embeddable":true,"href":"https:\/\/fg.ull.es\/noticias\/wp-json\/wp\/v2\/users\/5"}],"replies":[{"embeddable":true,"href":"https:\/\/fg.ull.es\/noticias\/wp-json\/wp\/v2\/comments?post=36030"}],"version-history":[{"count":2,"href":"https:\/\/fg.ull.es\/noticias\/wp-json\/wp\/v2\/posts\/36030\/revisions"}],"predecessor-version":[{"id":36032,"href":"https:\/\/fg.ull.es\/noticias\/wp-json\/wp\/v2\/posts\/36030\/revisions\/36032"}],"wp:attachment":[{"href":"https:\/\/fg.ull.es\/noticias\/wp-json\/wp\/v2\/media?parent=36030"}],"wp:term":[{"taxonomy":"category","embeddable":true,"href":"https:\/\/fg.ull.es\/noticias\/wp-json\/wp\/v2\/categories?post=36030"},{"taxonomy":"post_tag","embeddable":true,"href":"https:\/\/fg.ull.es\/noticias\/wp-json\/wp\/v2\/tags?post=36030"}],"curies":[{"name":"wp","href":"https:\/\/api.w.org\/{rel}","templated":true}]}}