{"id":36015,"date":"2018-03-15T15:02:56","date_gmt":"2018-03-15T15:02:56","guid":{"rendered":"https:\/\/fg.ull.es\/noticias\/?p=36015"},"modified":"2018-03-15T15:02:56","modified_gmt":"2018-03-15T15:02:56","slug":"primer-listado-definitivo-la-convocatoria-seleccion-personal-participar-proyecto-plan-actuacion-insular-volcanico","status":"publish","type":"post","link":"https:\/\/fg.ull.es\/noticias\/2018\/03\/15\/primer-listado-definitivo-la-convocatoria-seleccion-personal-participar-proyecto-plan-actuacion-insular-volcanico\/","title":{"rendered":"Primer listado definitivo de la convocatoria de selecci\u00f3n de personal para participar en el proyecto &#8220;Plan de actuaci\u00f3n insular volc\u00e1nico&#8221;"},"content":{"rendered":"<h4>A continuaci\u00f3n, se presenta el primer listado definitivo de aceptados\/as y excluidos\/as de la convocatoria de selecci\u00f3n de personal para participar en el proyecto &#8220;Plan de actuaci\u00f3n insular volc\u00e1nico&#8221;<\/h4>\n<p>Para la valoraci\u00f3n de todas y cada una de las candidaturas, y de los futuros procesos, se ha tomado\/tomar\u00e1 como fundamento lo especificado en:<\/p>\n<ul>\n<li><a href=\"https:\/\/drive.google.com\/open?id=17wqyVHGpe2KO3x5mpjg3rxDGfo2A8DPM\" target=\"_blank\" rel=\"noopener\">Bases generales<\/a><\/li>\n<li><a href=\"https:\/\/drive.google.com\/file\/d\/1eohACTZtsIG9hwp17EWAiyyAm2FGhGUX\/view\">Perfil singular<\/a><\/li>\n<\/ul>\n<p>Puede ver el listado definitivo <a href=\"https:\/\/drive.google.com\/open?id=10kipJuxo_na5gP4im4g4m80NkMv9pRKQ\" target=\"_blank\" rel=\"noopener\">aqu\u00ed<\/a>.<\/p>\n","protected":false},"excerpt":{"rendered":"<p>A continuaci\u00f3n, se presenta el primer listado definitivo de aceptados\/as y excluidos\/as de la convocatoria de selecci\u00f3n de personal para participar en el proyecto &#8220;Plan de actuaci\u00f3n insular volc\u00e1nico&#8221; Para la valoraci\u00f3n de todas y cada una de las candidaturas, y de los futuros procesos, se ha tomado\/tomar\u00e1 como fundamento lo especificado en: Bases generales&#8230;<\/p>\n","protected":false},"author":5,"featured_media":0,"comment_status":"closed","ping_status":"closed","sticky":false,"template":"","format":"standard","meta":{"footnotes":""},"categories":[52,232],"tags":[98,44],"featured_image_thumbnail_url":null,"_links":{"self":[{"href":"https:\/\/fg.ull.es\/noticias\/wp-json\/wp\/v2\/posts\/36015"}],"collection":[{"href":"https:\/\/fg.ull.es\/noticias\/wp-json\/wp\/v2\/posts"}],"about":[{"href":"https:\/\/fg.ull.es\/noticias\/wp-json\/wp\/v2\/types\/post"}],"author":[{"embeddable":true,"href":"https:\/\/fg.ull.es\/noticias\/wp-json\/wp\/v2\/users\/5"}],"replies":[{"embeddable":true,"href":"https:\/\/fg.ull.es\/noticias\/wp-json\/wp\/v2\/comments?post=36015"}],"version-history":[{"count":1,"href":"https:\/\/fg.ull.es\/noticias\/wp-json\/wp\/v2\/posts\/36015\/revisions"}],"predecessor-version":[{"id":36016,"href":"https:\/\/fg.ull.es\/noticias\/wp-json\/wp\/v2\/posts\/36015\/revisions\/36016"}],"wp:attachment":[{"href":"https:\/\/fg.ull.es\/noticias\/wp-json\/wp\/v2\/media?parent=36015"}],"wp:term":[{"taxonomy":"category","embeddable":true,"href":"https:\/\/fg.ull.es\/noticias\/wp-json\/wp\/v2\/categories?post=36015"},{"taxonomy":"post_tag","embeddable":true,"href":"https:\/\/fg.ull.es\/noticias\/wp-json\/wp\/v2\/tags?post=36015"}],"curies":[{"name":"wp","href":"https:\/\/api.w.org\/{rel}","templated":true}]}}