{"id":35919,"date":"2018-03-08T13:15:02","date_gmt":"2018-03-08T13:15:02","guid":{"rendered":"https:\/\/fg.ull.es\/noticias\/?p=35919"},"modified":"2018-03-08T13:20:13","modified_gmt":"2018-03-08T13:20:13","slug":"convocatoria-la-creacion-una-bolsa-ambito-la-innovacion","status":"publish","type":"post","link":"https:\/\/fg.ull.es\/noticias\/2018\/03\/08\/convocatoria-la-creacion-una-bolsa-ambito-la-innovacion\/","title":{"rendered":"Convocatoria para la creaci\u00f3n de una bolsa de recursos humanos con perfiles en competencias de gesti\u00f3n y promoci\u00f3n en el \u00e1mbito de la innovaci\u00f3n"},"content":{"rendered":"<h4><strong>Por la presente, se\u00a0abre el plazo hasta el pr\u00f3ximo 2 de abril de 2018 para participar en la constituci\u00f3n de una bolsa de recursos humanos con perfiles en competencias de gesti\u00f3n y promoci\u00f3n en el \u00e1mbito de la innovaci\u00f3n para conformar una base de datos de interesados\/as propia, singular y exclusiva, para entidades y empresas terceras.<\/strong><\/h4>\n<p>Las personas interesadas en participar en el proceso de selecci\u00f3n deben cumplir con lo expuesto en las <a href=\"https:\/\/drive.google.com\/file\/d\/15k3TntPwgRouw2b5ciHHpwNvO_85yBVZ\/view?usp=sharing\" target=\"_blank\" rel=\"noopener\">bases espec\u00edficas de la convocatoria<\/a>. Para ello deber\u00e1n participar presentando su candidatura desde la sede electr\u00f3nica de la Fundaci\u00f3n.<\/p>\n<p>Los requisitos m\u00ednimos para participar en la bolsa de recursos humanos con perfiles en competencias de gesti\u00f3n y promoci\u00f3n en el \u00e1mbito de la innovaci\u00f3n son los siguientes:<\/p>\n<ol>\n<li><strong>Poseer formaci\u00f3n acreditada en el \u00e1mbito de la gesti\u00f3n de la innovaci\u00f3n<\/strong>. Certificados de formaci\u00f3n en el Programa de Formaci\u00f3n de Gestores de la Innovaci\u00f3n 2016-2017 (Nivel 1: Promoci\u00f3n de la innovaci\u00f3n; Nivel 2: Gesti\u00f3n de la innovaci\u00f3n o; Nivel 3: Consultor\u00eda de la innovaci\u00f3n) as\u00ed como, los certificados en \u00e1mbitos concretos: \u00c1mbito Transformaci\u00f3n Digital (Nivel 1: Promoci\u00f3n Digital; Nivel 2: Gesti\u00f3n Digital o; Nivel 3: Consultor\u00eda Digital) y \u00e1mbito Transferencia y Valorizaci\u00f3n o los equivalentes a nivel regional o nacional (Agente de la innovaci\u00f3n, Auditor\/a de la innovaci\u00f3n, Taller de dinamizadores de la innovaci\u00f3n, Taller de valorizaci\u00f3n y comercializaci\u00f3n de tecnolog\u00eda, etc.).<\/li>\n<li><strong>Tener titulaci\u00f3n superior finalizada<\/strong>. Titulaci\u00f3n Universitaria o Titulaci\u00f3n de Ciclo Formativo de Grado Superior.<\/li>\n<\/ol>\n<p>Esta base de datos en ning\u00fan caso sustituye procesos de selecci\u00f3n de convocatorias propias o ajenas.<\/p>\n<p>Realice su inscripci\u00f3n en este <a href=\"https:\/\/sede.fg.ull.es\/es\/empleo\/detalle\/a18120005\/fundacion-general-de-la-universidad-de-la-laguna-agencia-universitaria-de-innovacion\" target=\"_blank\" rel=\"noopener\">ENLACE<\/a>\u00a0y cumplimentar el siguiente <a href=\"https:\/\/docs.google.com\/forms\/d\/e\/1FAIpQLSdu7GwkC1bYH6lTJqnbfgn_1uWttJZR8ghR4WQPkwhBc5v6Sw\/viewform\" target=\"_blank\" rel=\"noindex,nofollow noopener\">Formulario registro de m\u00e9ritos<\/a><\/p>\n","protected":false},"excerpt":{"rendered":"<p>Por la presente, se\u00a0abre el plazo hasta el pr\u00f3ximo 2 de abril de 2018 para participar en la constituci\u00f3n de una bolsa de recursos humanos con perfiles en competencias de gesti\u00f3n y promoci\u00f3n en el \u00e1mbito de la innovaci\u00f3n para conformar una base de datos de interesados\/as propia, singular y exclusiva, para entidades y empresas&#8230;<\/p>\n","protected":false},"author":5,"featured_media":0,"comment_status":"closed","ping_status":"closed","sticky":false,"template":"","format":"standard","meta":{"footnotes":""},"categories":[232],"tags":[],"featured_image_thumbnail_url":null,"_links":{"self":[{"href":"https:\/\/fg.ull.es\/noticias\/wp-json\/wp\/v2\/posts\/35919"}],"collection":[{"href":"https:\/\/fg.ull.es\/noticias\/wp-json\/wp\/v2\/posts"}],"about":[{"href":"https:\/\/fg.ull.es\/noticias\/wp-json\/wp\/v2\/types\/post"}],"author":[{"embeddable":true,"href":"https:\/\/fg.ull.es\/noticias\/wp-json\/wp\/v2\/users\/5"}],"replies":[{"embeddable":true,"href":"https:\/\/fg.ull.es\/noticias\/wp-json\/wp\/v2\/comments?post=35919"}],"version-history":[{"count":5,"href":"https:\/\/fg.ull.es\/noticias\/wp-json\/wp\/v2\/posts\/35919\/revisions"}],"predecessor-version":[{"id":35924,"href":"https:\/\/fg.ull.es\/noticias\/wp-json\/wp\/v2\/posts\/35919\/revisions\/35924"}],"wp:attachment":[{"href":"https:\/\/fg.ull.es\/noticias\/wp-json\/wp\/v2\/media?parent=35919"}],"wp:term":[{"taxonomy":"category","embeddable":true,"href":"https:\/\/fg.ull.es\/noticias\/wp-json\/wp\/v2\/categories?post=35919"},{"taxonomy":"post_tag","embeddable":true,"href":"https:\/\/fg.ull.es\/noticias\/wp-json\/wp\/v2\/tags?post=35919"}],"curies":[{"name":"wp","href":"https:\/\/api.w.org\/{rel}","templated":true}]}}