{"id":35850,"date":"2018-03-02T14:35:30","date_gmt":"2018-03-02T14:35:30","guid":{"rendered":"https:\/\/fg.ull.es\/noticias\/?p=35850"},"modified":"2019-01-17T13:32:19","modified_gmt":"2019-01-17T13:32:19","slug":"leroy-merlin-cataliza-entrevista-2018","status":"publish","type":"post","link":"https:\/\/fg.ull.es\/noticias\/2018\/03\/02\/leroy-merlin-cataliza-entrevista-2018\/","title":{"rendered":"D\u00e1cil Gonz\u00e1lez, responsable de RR HH en Leroy Merlin La Orotava: \u201cPresumimos de Cataliza porque no existen programas similares en otras comunidades aut\u00f3nomas\u201d"},"content":{"rendered":"<section class=\"wpb-content-wrapper\"><p>[vc_row][vc_column][vc_column_text]<span style=\"font-weight: 400\">D\u00e1cil Gonz\u00e1lez, responsable de Recursos Humanos en Leroy Merlin La Orotava, lo tiene claro: \u201cPara Leroy Merlin, Cataliza ha sido un programa del que presumimos a nivel nacional, porque no existen programas como este en otras comunidades aut\u00f3nomas, y porque nos ha permitido disponer de perfiles con gran desarrollo dentro de la compa\u00f1\u00eda\u201d. <\/span><\/p>\n<p><span style=\"font-weight: 400\">Su compa\u00f1era Xiomara M\u00e9ndez, responsable tambi\u00e9n de RR. HH. en La Laguna, comparte esta opini\u00f3n y se\u00f1ala que \u201c<\/span><span style=\"font-weight: 400\">el programa Cataliza no es s\u00f3lo la experiencia pr\u00e1ctica que adquieren las personas becadas, sino tambi\u00e9n un proceso formativo que te prepara para insertarte laboralmente. Durante el periodo de la beca aprenden a desenvolverse en un entorno laboral con el que no hab\u00edan tenido contacto anteriormente, a formar parte de un equipo de trabajo que tienen objetivos comunes, a conocer un sector nuevo, etc\u00e9tera\u201d.\u00a0<\/span><\/p>\n<p><span style=\"font-weight: 400\">M\u00e9ndez destaca que l<\/span><span style=\"font-weight: 400\">a colaboraci\u00f3n entre la empresa y el programa es estrecha y fruct\u00edfera desde el inicio del mismo, \u201clo que ha permitido que, con regularidad, se integren alumnos del mismo a hacer pr\u00e1cticas en sus instalaciones en varios puntos de la Isla y se esperan siempre con gran ilusi\u00f3n\u201d. <\/span><\/p>\n<p><span style=\"font-weight: 400\">Esto ha permitido que muchos de esos alumnos se \u201cenamoren\u201d del comercio y pasen a formar parte de la plantilla, una vez finalizadas sus pr\u00e1cticas.<\/span><\/p>\n<p>[\/vc_column_text][vc_row_inner][vc_column_inner][vc_gallery interval=&#8221;3&#8243; images=&#8221;35852,35853,35854,35855,35856,35851&#8243; img_size=&#8221;large&#8221;][\/vc_column_inner][\/vc_row_inner][vc_column_text]<span style=\"font-weight: 400\">Es el caso de Fran Iriarte y Virginia Escobar. \u00c9l, licenciado en Econom\u00eda y <\/span><span style=\"font-weight: 400\">M\u00e1ster en Direcci\u00f3n Comercial y Marketing<\/span><span style=\"font-weight: 400\">; ella, bi\u00f3loga. Ambos satisfechos por lo que consideran \u201cuna gran oportunidad que nos ha ayudado a integrarnos en el mundo laboral, dado que de la carrera sales sin experiencia\u201d, en palabras de Virginia. Por su parte, Fran valora, especialmente, el hecho de que \u201clas becas Cataliza ayudan a romper el c\u00edrculo vicioso de necesitar experiencia para encontrar trabajo y, al tiempo, necesitar un trabajo para ganar experiencia\u201d. De hecho, insiste, \u201cgracias a este programa actualmente formo parte de la plantilla de Leroy Merlin La Laguna\u201d.<\/span><\/p>\n<p><span style=\"font-weight: 400\">Virginia, por su parte, desarrolla su labor en el centro que la empresa tiene en La Orotava. Seg\u00fan su experiencia, \u201cesta es una oportunidad para quienes acabamos carreras cient\u00edficas como Biolog\u00eda, en las que es muy dif\u00edcil adquirir experiencia para luego salir al mercado de trabajo\u201d. <\/span><\/p>\n<p><span style=\"font-weight: 400\">Otra de las variables que valoran tanto los integrantes de Cataliza como las responsables de la empresa que los acoge es el ambiente de trabajo, el trato humano y la posibilidad de pasar por varias secciones, aprendiendo de todas ellas. <\/span><\/p>\n<p><span style=\"font-weight: 400\">Asimismo, coinciden en que el tiempo de duraci\u00f3n del programa es el adecuado. En este punto, D\u00e1cil Gonz\u00e1lez puntualiza que \u201cpara una empresa como la nuestra se necesita un periodo amplio, as\u00ed que nosotros, adem\u00e1s, acompa\u00f1amos el programa de beca con un itinerario formativo que dise\u00f1amos para ampliar su aprendizaje\u201d.<\/span><\/p>\n<p><span style=\"font-weight: 400\">Ninguna de las dos responsables de RR.HH. tuvo la oportunidad, durante sus a\u00f1os de carrera, de acceder a un programa como Cataliza, que valoran de manera muy especial para incorporar personal a la empresa. <\/span><\/p>\n<p><span style=\"font-weight: 400\">En palabras de Gonz\u00e1lez, los retos a los que se enfrenta su empresa, \u201cahora mismo inmersa en la transformaci\u00f3n digital\u201d, requieren de capital humano como el que se forma en el programa Cataliza.<\/span><\/p>\n<p><span style=\"font-weight: 400\">Xiomara M\u00e9ndez lo expone en estas palabras: \u201c<\/span><span style=\"font-weight: 400\">Es positivo que las empresas seamos conscientes del talento de nuestras plantillas y que apostemos por la promoci\u00f3n interna, pero sin que ello suponga la conversi\u00f3n en entes endog\u00e1micos incapaces de mirar al exterior y aprender de las generaciones futuras que tanto nos pueden aportar. Formo parte de una empresa abierta al exterior que pone en valor todo lo que el entorno nos pueda ofrecer, y dispuesta a dar lo mejor de nosotros mismos para que el aprendizaje y el desarrollo de las personas becadas sea el mejor. As\u00ed que esperamos con ilusi\u00f3n la pr\u00f3xima edici\u00f3n del programa Cataliza\u201d.<\/span><\/p>\n<p>[\/vc_column_text][vc_empty_space][vc_video link=&#8221;https:\/\/www.youtube.com\/watch?v=zpb5MAozXY0&amp;feature=youtu.be&amp;a=&#8221;][\/vc_column][\/vc_row][vc_row][vc_column][vc_btn title=&#8221;PROGRAMA CATALIZA CANARIAS&#8221; style=&#8221;classic&#8221; shape=&#8221;square&#8221; color=&#8221;danger&#8221; link=&#8221;url:https%3A%2F%2Ffg.ull.es%2Fcatalizacanarias%2F||target:%20_blank|&#8221;][\/vc_column][\/vc_row]<\/p>\n<\/section>","protected":false},"excerpt":{"rendered":"<p>&#8220;Para Leroy Merlin, Cataliza ha sido un programa del que presumimos a nivel nacional, porque no existen programas como este en otras comunidades aut\u00f3nomas, y porque nos ha permitido disponer de perfiles con gran desarrollo dentro de la compa\u00f1\u00eda\u201d.<\/p>\n","protected":false},"author":17,"featured_media":35851,"comment_status":"closed","ping_status":"closed","sticky":false,"template":"","format":"standard","meta":{"footnotes":""},"categories":[38,810,174],"tags":[143,173,342],"featured_image_thumbnail_url":"https:\/\/fg.ull.es\/noticias\/wp-content\/uploads\/sites\/2\/2018\/03\/MG_3211-300x200.jpg","_links":{"self":[{"href":"https:\/\/fg.ull.es\/noticias\/wp-json\/wp\/v2\/posts\/35850"}],"collection":[{"href":"https:\/\/fg.ull.es\/noticias\/wp-json\/wp\/v2\/posts"}],"about":[{"href":"https:\/\/fg.ull.es\/noticias\/wp-json\/wp\/v2\/types\/post"}],"author":[{"embeddable":true,"href":"https:\/\/fg.ull.es\/noticias\/wp-json\/wp\/v2\/users\/17"}],"replies":[{"embeddable":true,"href":"https:\/\/fg.ull.es\/noticias\/wp-json\/wp\/v2\/comments?post=35850"}],"version-history":[{"count":8,"href":"https:\/\/fg.ull.es\/noticias\/wp-json\/wp\/v2\/posts\/35850\/revisions"}],"predecessor-version":[{"id":40213,"href":"https:\/\/fg.ull.es\/noticias\/wp-json\/wp\/v2\/posts\/35850\/revisions\/40213"}],"wp:featuredmedia":[{"embeddable":true,"href":"https:\/\/fg.ull.es\/noticias\/wp-json\/wp\/v2\/media\/35851"}],"wp:attachment":[{"href":"https:\/\/fg.ull.es\/noticias\/wp-json\/wp\/v2\/media?parent=35850"}],"wp:term":[{"taxonomy":"category","embeddable":true,"href":"https:\/\/fg.ull.es\/noticias\/wp-json\/wp\/v2\/categories?post=35850"},{"taxonomy":"post_tag","embeddable":true,"href":"https:\/\/fg.ull.es\/noticias\/wp-json\/wp\/v2\/tags?post=35850"}],"curies":[{"name":"wp","href":"https:\/\/api.w.org\/{rel}","templated":true}]}}