{"id":35794,"date":"2018-02-26T13:14:53","date_gmt":"2018-02-26T13:14:53","guid":{"rendered":"https:\/\/fg.ull.es\/noticias\/?p=35794"},"modified":"2018-02-26T13:14:53","modified_gmt":"2018-02-26T13:14:53","slug":"segundo-listado-definitivo-la-convocatoria-seleccion-personal-conformar-una-bolsa-empleo-desarrollo-actividades-promocion-gestion-administrativa-economica-proyect","status":"publish","type":"post","link":"https:\/\/fg.ull.es\/noticias\/2018\/02\/26\/segundo-listado-definitivo-la-convocatoria-seleccion-personal-conformar-una-bolsa-empleo-desarrollo-actividades-promocion-gestion-administrativa-economica-proyect\/","title":{"rendered":"Segundo listado definitivo de la convocatoria de selecci\u00f3n de personal para conformar una bolsa de empleo para el desarrollo de actividades de promoci\u00f3n y gesti\u00f3n administrativa y econ\u00f3mica de proyectos internacionales (2018BDE003)"},"content":{"rendered":"<h4>A continuaci\u00f3n, se presenta el segundo listado definitivo de aceptados\/as y excluidos\/as de la convocatoria de selecci\u00f3n de personal para conformar una bolsa de empleo para el desarrollo de actividades de promoci\u00f3n y gesti\u00f3n administrativa y econ\u00f3mica de proyectos internacionales (2018BDE003).<\/h4>\n<p>Finalizado el periodo de alegaciones se procede a publicar el listado definitivo con las personas que conforman la bolsa para participar en el mencionado proyecto.<\/p>\n<p>Para la valoraci\u00f3n de todas y cada una de las candidaturas, y de los futuros procesos, se ha tomado\/tomar\u00e1 como fundamento lo especificado en:<\/p>\n<ul>\n<li><a href=\"https:\/\/drive.google.com\/open?id=1IZwJLmwST_CL6E-Ivp__ufYT3zgFJDkf\" target=\"_blank\" rel=\"noopener\">Bases generales<\/a><\/li>\n<li><a href=\"https:\/\/drive.google.com\/open?id=1Qv_rDuJFJa3XKDX_83R9T6q7zZa0M0Uz\" target=\"_blank\" rel=\"noopener\">Perfil singular<\/a><\/li>\n<\/ul>\n<p>Puede ver el listado definitivo\u00a0<a href=\"https:\/\/drive.google.com\/open?id=1DTlEsJ4VZpoPBzhGlyJbPpy-UZSMhmPj\" target=\"_blank\" rel=\"noopener\">aqu\u00ed<\/a>.<\/p>\n","protected":false},"excerpt":{"rendered":"<p>A continuaci\u00f3n, se presenta el segundo listado definitivo de aceptados\/as y excluidos\/as de la convocatoria de selecci\u00f3n de personal para conformar una bolsa de empleo para el desarrollo de actividades de promoci\u00f3n y gesti\u00f3n administrativa y econ\u00f3mica de proyectos internacionales (2018BDE003). Finalizado el periodo de alegaciones se procede a publicar el listado definitivo con las&#8230;<\/p>\n","protected":false},"author":5,"featured_media":0,"comment_status":"closed","ping_status":"closed","sticky":false,"template":"","format":"standard","meta":{"footnotes":""},"categories":[52,232],"tags":[],"featured_image_thumbnail_url":null,"_links":{"self":[{"href":"https:\/\/fg.ull.es\/noticias\/wp-json\/wp\/v2\/posts\/35794"}],"collection":[{"href":"https:\/\/fg.ull.es\/noticias\/wp-json\/wp\/v2\/posts"}],"about":[{"href":"https:\/\/fg.ull.es\/noticias\/wp-json\/wp\/v2\/types\/post"}],"author":[{"embeddable":true,"href":"https:\/\/fg.ull.es\/noticias\/wp-json\/wp\/v2\/users\/5"}],"replies":[{"embeddable":true,"href":"https:\/\/fg.ull.es\/noticias\/wp-json\/wp\/v2\/comments?post=35794"}],"version-history":[{"count":1,"href":"https:\/\/fg.ull.es\/noticias\/wp-json\/wp\/v2\/posts\/35794\/revisions"}],"predecessor-version":[{"id":35795,"href":"https:\/\/fg.ull.es\/noticias\/wp-json\/wp\/v2\/posts\/35794\/revisions\/35795"}],"wp:attachment":[{"href":"https:\/\/fg.ull.es\/noticias\/wp-json\/wp\/v2\/media?parent=35794"}],"wp:term":[{"taxonomy":"category","embeddable":true,"href":"https:\/\/fg.ull.es\/noticias\/wp-json\/wp\/v2\/categories?post=35794"},{"taxonomy":"post_tag","embeddable":true,"href":"https:\/\/fg.ull.es\/noticias\/wp-json\/wp\/v2\/tags?post=35794"}],"curies":[{"name":"wp","href":"https:\/\/api.w.org\/{rel}","templated":true}]}}