{"id":35772,"date":"2018-02-23T15:47:04","date_gmt":"2018-02-23T15:47:04","guid":{"rendered":"https:\/\/fg.ull.es\/noticias\/?p=35772"},"modified":"2018-02-26T09:26:46","modified_gmt":"2018-02-26T09:26:46","slug":"convocatoria-seleccion-personal-participar-la-elaboracion-del-plan-actuacion-insular-volcanico","status":"publish","type":"post","link":"https:\/\/fg.ull.es\/noticias\/2018\/02\/23\/convocatoria-seleccion-personal-participar-la-elaboracion-del-plan-actuacion-insular-volcanico\/","title":{"rendered":"Convocatoria de selecci\u00f3n de personal para participar en la elaboraci\u00f3n del \u201cPlan de Actuaci\u00f3n Insular Volc\u00e1nico\u201d."},"content":{"rendered":"<h4>A partir de hoy y hasta el pr\u00f3ximo 02 de marzo de 2018, ambos inclusive, estar\u00e1 abierto el periodo de inscripci\u00f3n del proceso de selecci\u00f3n de personal para participar en la elaboraci\u00f3n del \u201c<em>Plan de Actuaci\u00f3n Insular Volc\u00e1nico<\/em>\u201d<\/h4>\n<p>Las personas interesadas en participar en el proceso de selecci\u00f3n, deben cumplir con lo expuesto en las bases generales y perfil singular de la convocatoria. El requisito m\u00ednimo y m\u00e9ritos baremables son los siguientes:<\/p>\n<p>Requisitos m\u00ednimos:<\/p>\n<p>R.1 Grado o Licenciatura en Geograf\u00eda.<\/p>\n<p>M\u00e9ritos baremables:<\/p>\n<ul>\n<li>Formaci\u00f3n complementaria<\/li>\n<li>Experiencia profesional<\/li>\n<li>M\u00e9ritos cient\u00edficos\/acad\u00e9micos<\/li>\n<\/ul>\n<p>Para la inscripci\u00f3n es totalmente necesario el cumplimiento de los requisitos expuestos en las bases que se presentan a continuaci\u00f3n:<\/p>\n<ul>\n<li><a href=\"https:\/\/drive.google.com\/open?id=17wqyVHGpe2KO3x5mpjg3rxDGfo2A8DPM\" target=\"_blank\" rel=\"noopener\">Bases generales<\/a><\/li>\n<li><a href=\"https:\/\/drive.google.com\/file\/d\/1eohACTZtsIG9hwp17EWAiyyAm2FGhGUX\/view\">Perfil singular<\/a><\/li>\n<\/ul>\n<p>Puedes inscribirte <a href=\"https:\/\/sede.fg.ull.es\/es\/empleo\/detalle\/a18120005\/fundacion-general-de-la-universidad-de-la-laguna-agencia-universitaria-de-innovacion\" target=\"_blank\" rel=\"noopener\">aqu\u00ed<\/a><\/p>\n","protected":false},"excerpt":{"rendered":"<p>A partir de hoy y hasta el pr\u00f3ximo 02 de marzo de 2018, ambos inclusive, estar\u00e1 abierto el periodo de inscripci\u00f3n del proceso de selecci\u00f3n de personal para participar en la elaboraci\u00f3n del \u201cPlan de Actuaci\u00f3n Insular Volc\u00e1nico\u201d Las personas interesadas en participar en el proceso de selecci\u00f3n, deben cumplir con lo expuesto en las&#8230;<\/p>\n","protected":false},"author":5,"featured_media":0,"comment_status":"closed","ping_status":"closed","sticky":false,"template":"","format":"standard","meta":{"footnotes":""},"categories":[52,232],"tags":[98,44],"featured_image_thumbnail_url":null,"_links":{"self":[{"href":"https:\/\/fg.ull.es\/noticias\/wp-json\/wp\/v2\/posts\/35772"}],"collection":[{"href":"https:\/\/fg.ull.es\/noticias\/wp-json\/wp\/v2\/posts"}],"about":[{"href":"https:\/\/fg.ull.es\/noticias\/wp-json\/wp\/v2\/types\/post"}],"author":[{"embeddable":true,"href":"https:\/\/fg.ull.es\/noticias\/wp-json\/wp\/v2\/users\/5"}],"replies":[{"embeddable":true,"href":"https:\/\/fg.ull.es\/noticias\/wp-json\/wp\/v2\/comments?post=35772"}],"version-history":[{"count":2,"href":"https:\/\/fg.ull.es\/noticias\/wp-json\/wp\/v2\/posts\/35772\/revisions"}],"predecessor-version":[{"id":35780,"href":"https:\/\/fg.ull.es\/noticias\/wp-json\/wp\/v2\/posts\/35772\/revisions\/35780"}],"wp:attachment":[{"href":"https:\/\/fg.ull.es\/noticias\/wp-json\/wp\/v2\/media?parent=35772"}],"wp:term":[{"taxonomy":"category","embeddable":true,"href":"https:\/\/fg.ull.es\/noticias\/wp-json\/wp\/v2\/categories?post=35772"},{"taxonomy":"post_tag","embeddable":true,"href":"https:\/\/fg.ull.es\/noticias\/wp-json\/wp\/v2\/tags?post=35772"}],"curies":[{"name":"wp","href":"https:\/\/api.w.org\/{rel}","templated":true}]}}