{"id":35710,"date":"2018-02-20T16:23:56","date_gmt":"2018-02-20T16:23:56","guid":{"rendered":"https:\/\/fg.ull.es\/noticias\/?p=35710"},"modified":"2018-02-20T16:23:56","modified_gmt":"2018-02-20T16:23:56","slug":"segundo-listado-provisional-la-convocatoria-seleccion-personal-conformar-una-bolsa-empleo-desarrollo-actividades-promocion-gestion-administrativa-economica-proyec","status":"publish","type":"post","link":"https:\/\/fg.ull.es\/noticias\/2018\/02\/20\/segundo-listado-provisional-la-convocatoria-seleccion-personal-conformar-una-bolsa-empleo-desarrollo-actividades-promocion-gestion-administrativa-economica-proyec\/","title":{"rendered":"Segundo listado provisional de la convocatoria de selecci\u00f3n de personal para conformar una bolsa de empleo para el desarrollo de actividades de promoci\u00f3n y gesti\u00f3n administrativa y econ\u00f3mica de proyectos internacionales (2018BDE003)"},"content":{"rendered":"<h4>A continuaci\u00f3n, se presenta el segundo listado provisional de aceptados\/as y excluidos\/as de la convocatoria de selecci\u00f3n de personal para conformar una bolsa de empleo para el desarrollo de actividades de promoci\u00f3n y gesti\u00f3n administrativa y econ\u00f3mica de proyectos internacionales (2018BDE003).<\/h4>\n<p>A partir de este momento, comienza el periodo de alegaciones que, en ning\u00fan caso, ser\u00e1 periodo de subsanaci\u00f3n de documentaci\u00f3n. Finalizado \u00e9ste, a las 23:59 horas del 23 de febrero de 2018, y resueltas \u00e9stas, se proceder\u00e1n a publicar el segundo listado definitivo.<\/p>\n<p>Las alegaciones \u00fanica y exclusivamente se podr\u00e1n presentar telem\u00e1ticamente al correo electr\u00f3nico seleccion@fg.ull.es y utilizando el siguiente documento normalizado: documento de alegaciones\u00a0(<a href=\"https:\/\/drive.google.com\/open?id=0B1OuMDhtNMGOTjZRN2hoU3BoWG8\" target=\"_blank\" rel=\"noopener\">doc<\/a>,\u00a0<a href=\"https:\/\/drive.google.com\/open?id=0B1OuMDhtNMGOVUNDbWJEZDk5bms\" target=\"_blank\" rel=\"noopener\">pdf<\/a>,\u00a0<a href=\"https:\/\/drive.google.com\/open?id=0B1OuMDhtNMGOQUlTQUZhdGYzd2s\" target=\"_blank\" rel=\"noopener\">odt<\/a>).<\/p>\n<p>Para la valoraci\u00f3n de todas y cada una de las candidaturas, y de los futuros procesos, se ha tomado\/tomar\u00e1 como fundamento lo especificado en:<\/p>\n<ul>\n<li><a href=\"https:\/\/drive.google.com\/open?id=1IZwJLmwST_CL6E-Ivp__ufYT3zgFJDkf\" target=\"_blank\" rel=\"noopener\">Bases generales<\/a><\/li>\n<li><a href=\"https:\/\/drive.google.com\/open?id=1Qv_rDuJFJa3XKDX_83R9T6q7zZa0M0Uz\" target=\"_blank\" rel=\"noopener\">Perfil singular<\/a><\/li>\n<\/ul>\n<p>Puede ver el listado provisional <a href=\"https:\/\/drive.google.com\/open?id=157T_wlIKlA2ETWPSJA1h1dLeRGmIKHz8\" target=\"_blank\" rel=\"noopener\">aqu\u00ed<\/a>.<\/p>\n","protected":false},"excerpt":{"rendered":"<p>A continuaci\u00f3n, se presenta el segundo listado provisional de aceptados\/as y excluidos\/as de la convocatoria de selecci\u00f3n de personal para conformar una bolsa de empleo para el desarrollo de actividades de promoci\u00f3n y gesti\u00f3n administrativa y econ\u00f3mica de proyectos internacionales (2018BDE003). A partir de este momento, comienza el periodo de alegaciones que, en ning\u00fan caso,&#8230;<\/p>\n","protected":false},"author":5,"featured_media":0,"comment_status":"closed","ping_status":"closed","sticky":false,"template":"","format":"standard","meta":{"footnotes":""},"categories":[52,232],"tags":[98,44,30],"featured_image_thumbnail_url":null,"_links":{"self":[{"href":"https:\/\/fg.ull.es\/noticias\/wp-json\/wp\/v2\/posts\/35710"}],"collection":[{"href":"https:\/\/fg.ull.es\/noticias\/wp-json\/wp\/v2\/posts"}],"about":[{"href":"https:\/\/fg.ull.es\/noticias\/wp-json\/wp\/v2\/types\/post"}],"author":[{"embeddable":true,"href":"https:\/\/fg.ull.es\/noticias\/wp-json\/wp\/v2\/users\/5"}],"replies":[{"embeddable":true,"href":"https:\/\/fg.ull.es\/noticias\/wp-json\/wp\/v2\/comments?post=35710"}],"version-history":[{"count":1,"href":"https:\/\/fg.ull.es\/noticias\/wp-json\/wp\/v2\/posts\/35710\/revisions"}],"predecessor-version":[{"id":35712,"href":"https:\/\/fg.ull.es\/noticias\/wp-json\/wp\/v2\/posts\/35710\/revisions\/35712"}],"wp:attachment":[{"href":"https:\/\/fg.ull.es\/noticias\/wp-json\/wp\/v2\/media?parent=35710"}],"wp:term":[{"taxonomy":"category","embeddable":true,"href":"https:\/\/fg.ull.es\/noticias\/wp-json\/wp\/v2\/categories?post=35710"},{"taxonomy":"post_tag","embeddable":true,"href":"https:\/\/fg.ull.es\/noticias\/wp-json\/wp\/v2\/tags?post=35710"}],"curies":[{"name":"wp","href":"https:\/\/api.w.org\/{rel}","templated":true}]}}